{"id":18170,"date":"2023-07-03T14:03:49","date_gmt":"2023-07-03T12:03:49","guid":{"rendered":"https:\/\/imaginadigital.com\/blog\/square-lider-mundial-en-soluciones-de-pago-elige-a-imagina-como-partner-oficial-en-espana-copy\/"},"modified":"2023-07-04T09:08:07","modified_gmt":"2023-07-04T07:08:07","slug":"estudixarxessocials","status":"publish","type":"post","link":"https:\/\/imaginadigital.com\/ca\/uncategorized-ca\/estudixarxessocials\/","title":{"rendered":"Primer estudi sobre xarxes socials a Catalunya elaborat per IMAGINA i el Col\u00b7legi del M\u00e0rqueting i la Comunicaci\u00f3"},"content":{"rendered":"<p>Hem presentat el primer Estudi sobre xarxes socials a Catalunya amb la col\u00b7laboraci\u00f3 del Col\u00b7legi del M\u00e0rqueting i la Comunicaci\u00f3.<\/p>\n<p>Aquest acte, celebrat al Palau Robert el 28 de juny, ha comptat amb la participaci\u00f3 del Sr. Oriol Dur\u00e1n, secretari de Mitjans de Comunicaci\u00f3 i Difusi\u00f3 de la Generalitat de Catalunya, el Sr. deg\u00e0 del Col\u00b7legi de M\u00e0rqueting i la Comunicaci\u00f3 de Catalunya, i Arnau Sanz Ardanuy, Soci Director d&#8217;IMAGINA.<\/p>\n<p><strong>Objectiu de l\u2019estudi<\/strong><\/p>\n<p>L\u2019objectiu d\u2019aquest estudi \u00e9s generar i difondre sobre l\u2019\u00fas de les xarxes socials, centrat en els usuaris per\u00f2 amb la informaci\u00f3 valuosa per maques i empreses, per tal de comparar dades amb la resta de pa\u00efsos del m\u00f3n i ser utilitzat tant per empreses, treballadors, del sector, estudiants i la societat en general.<\/p>\n<p>L&#8217;estudi ha comptat amb una mostra de 3.500 entrevistats entre els mesos d&#8217;abril i maig mitjan\u00e7ant trucades telef\u00f2niques i enquestes segmentades en quatre categories d&#8217;edat diferents, en les quatre prov\u00edncies de Catalunya, on s\u2019han destacat els seg\u00fcents titulars:<\/p>\n<ul>\n<li>Catalunya \u00e9s un pa\u00eds amb una alta penetraci\u00f3 i \u00fas de xarxes socials, en general i en cada una de les xarxes analitzades, Whatsapp, Instagram, Facebook, Tiktok, Twitter, Linkedin i Youtube.<\/li>\n<li>El 95% dels catalans majors de 16 anys t\u00e9 pres\u00e8ncia di\u00e0ria en almenys una xarxa social. Aquesta xifra arriba al 99% entre els joves.<\/li>\n<li>El temps d\u2019\u00fas diari a les xarxes socials \u00e9s de m\u00e9s de dues hores i m\u00e9s de 3 hores entre la poblaci\u00f3 jove.<\/li>\n<li>Whatsapp \u00e9s un canal absolutament consolidat a Catalunya, present en un 90% dels usuaris actius. Youtube, Instagram i Facebook en aquest ordre s\u00f3n les que tenen m\u00e9s usuaris.<\/li>\n<li>&#8211; Un de cada 5 usuaris actius catalans en xarxes socials est\u00e0 a Tiktok. Entre els joves menors de 45 anys \u00e9s quasi d\u20191 de cada 3 catalans.<\/li>\n<li>Tiktok \u00e9s la xarxa social, sense contar Whatsapp, amb m\u00e9s \u00fas diari, superant l\u2019hora de mitjana entre els usuaris m\u00e9s joves.<\/li>\n<li>El 82% dels catalans majors de 16 anys compra habitualment a trav\u00e9s de les xarxes socials. Xifra que anir\u00e0 a l\u2019al\u00e7a en els anys vinents si segueix la tend\u00e8ncia. Difer\u00e8ncia substancial entre canals, sent Instagram i Tiktok les xarxes socials amb m\u00e9s activitat comercial.<\/li>\n<li>Els usuaris tenen una percepci\u00f3 m\u00e9s bona que dolenta de la publicitat, amb difer\u00e8ncies notables entre xarxes socials. Instagram, Youtube i Tiktok com a millors valorades.<\/li>\n<li>Els usuaris joves tenen una percepci\u00f3 positiva a l\u2019hora de pagar a influencers, creadors de contingut i avan\u00e7ar cap a un model menys dependent de la publicitat digital convencional. Aix\u00f2 ens dona a entendre que models com Twitter Blue, Meta Verified, subscripcions a Twitch o Youtube i similars, continuaran creixent entre els catalans.<\/li>\n<\/ul>\n<p>&nbsp;<\/p>\n<p><strong>Conclusions de l\u2019Estudi<\/strong><\/p>\n<p>Aix\u00ed doncs, gr\u00e0cies a l\u2019informe, s\u2019ha pogut concloure que la penetraci\u00f3 de les xarxes socials \u00e9s molt elevada a Catalunya, amb dos clars l\u00edders, Meta i Youtube. La pres\u00e8ncia a Tik Tok est\u00e0 totalment consolidada a Catalunya, sent la cinquena xarxa social amb m\u00e9s usuaris i \u00fas, a difer\u00e8ncia de Twitter, que va a la baixa, amb menys quota de mercat i \u00fas que fa uns anys. Finalment, es confirma que les xarxes socials serveixen i molt per comprar i que els creadors de contingut s\u00f3n claus per a usuaris i empreses, per\u00f2 no en catal\u00e0.<\/p>\n<p>La intenci\u00f3 d\u2019aquest estudi \u00e9s que sigui una acci\u00f3 recurrent cada any i, per tant, en un futur tamb\u00e9 es pugui analitzar l\u2019evoluci\u00f3 anual, ja que com ha destacat el soci d\u2019IMAGINA, Arnau Sanz, \u00a0\u201cla necessitat de tenir un informe d\u2019aquest tipus i de forma anual \u00e9s crucial per tal d\u2019analitzar cada any l\u2019evoluci\u00f3 d\u2019un sector tan din\u00e0mic i en constant creixement. Per les pr\u00f3ximes edicions volem incorporar m\u00e9s preguntes, tamb\u00e9 una mostra de professionals, per\u00f2 tamb\u00e9 altres partners i obrir la porta a tractar m\u00e9s temes com la salut mental o el sector audiovisual.\u201d<\/p>\n<p>&nbsp;<\/p>\n<p>&nbsp;<\/p>\n","protected":false},"excerpt":{"rendered":"<p>Hem presentat el primer Estudi sobre xarxes socials a Catalunya amb la col\u00b7laboraci\u00f3 del Col\u00b7legi del M\u00e0rqueting i la Comunicaci\u00f3. Aquest acte, celebrat al Palau Robert el 28 de juny, ha comptat amb la participaci\u00f3 del Sr. Oriol Dur\u00e1n, secretari de Mitjans de Comunicaci\u00f3 i Difusi\u00f3 de la Generalitat de Catalunya, el Sr. deg\u00e0 del &#8230; <a title=\"Primer estudi sobre xarxes socials a Catalunya elaborat per IMAGINA i el Col\u00b7legi del M\u00e0rqueting i la Comunicaci\u00f3\" class=\"read-more\" href=\"https:\/\/imaginadigital.com\/ca\/uncategorized-ca\/estudixarxessocials\/\" aria-label=\"M\u00e9s informaci\u00f3 sobre Primer estudi sobre xarxes socials a Catalunya elaborat per IMAGINA i el Col\u00b7legi del M\u00e0rqueting i la Comunicaci\u00f3\">Read more<\/a><\/p>\n","protected":false},"author":2,"featured_media":18072,"comment_status":"closed","ping_status":"closed","sticky":false,"template":"","format":"standard","meta":{"_acf_changed":false,"content-type":"","inline_featured_image":false,"footnotes":""},"categories":[13],"tags":[],"class_list":["post-18170","post","type-post","status-publish","format-standard","has-post-thumbnail","hentry","category-uncategorized-ca"],"acf":[],"yoast_head":"<!-- This site is optimized with the Yoast SEO plugin v27.4 - https:\/\/yoast.com\/product\/yoast-seo-wordpress\/ -->\n<title>Primer estudi sobre xarxes socials a Catalunya elaborat per IMAGINA i el Col\u00b7legi del M\u00e0rqueting i la Comunicaci\u00f3 - IMAGINA Agencia de Marketing Digital<\/title>\n<meta name=\"robots\" content=\"index, follow, max-snippet:-1, max-image-preview:large, max-video-preview:-1\" \/>\n<link rel=\"canonical\" href=\"https:\/\/imaginadigital.com\/ca\/uncategorized-ca\/estudixarxessocials\/\" \/>\n<meta property=\"og:locale\" content=\"ca_ES\" \/>\n<meta property=\"og:type\" content=\"article\" \/>\n<meta property=\"og:title\" content=\"Primer estudi sobre xarxes socials a Catalunya elaborat per IMAGINA i el Col\u00b7legi del M\u00e0rqueting i la Comunicaci\u00f3 - IMAGINA Agencia de Marketing Digital\" \/>\n<meta property=\"og:description\" content=\"Hem presentat el primer Estudi sobre xarxes socials a Catalunya amb la col\u00b7laboraci\u00f3 del Col\u00b7legi del M\u00e0rqueting i la Comunicaci\u00f3. Aquest acte, celebrat al Palau Robert el 28 de juny, ha comptat amb la participaci\u00f3 del Sr. Oriol Dur\u00e1n, secretari de Mitjans de Comunicaci\u00f3 i Difusi\u00f3 de la Generalitat de Catalunya, el Sr. deg\u00e0 del ... Read more\" \/>\n<meta property=\"og:url\" content=\"https:\/\/imaginadigital.com\/ca\/uncategorized-ca\/estudixarxessocials\/\" \/>\n<meta property=\"og:site_name\" content=\"IMAGINA Agencia de Marketing Digital\" \/>\n<meta property=\"article:published_time\" content=\"2023-07-03T12:03:49+00:00\" \/>\n<meta property=\"article:modified_time\" content=\"2023-07-04T07:08:07+00:00\" \/>\n<meta property=\"og:image\" content=\"https:\/\/imaginadigital.com\/wp-content\/uploads\/2023\/06\/IMG_2613-scaled.jpeg\" \/>\n\t<meta property=\"og:image:width\" content=\"2560\" \/>\n\t<meta property=\"og:image:height\" content=\"1920\" \/>\n\t<meta property=\"og:image:type\" content=\"image\/jpeg\" \/>\n<meta name=\"author\" content=\"Manager\" \/>\n<meta name=\"twitter:card\" content=\"summary_large_image\" \/>\n<meta name=\"twitter:label1\" content=\"Escrit per\" \/>\n\t<meta name=\"twitter:data1\" content=\"Manager\" \/>\n\t<meta name=\"twitter:label2\" content=\"Temps estimat de lectura\" \/>\n\t<meta name=\"twitter:data2\" content=\"3 minuts\" \/>\n<script type=\"application\/ld+json\" class=\"yoast-schema-graph\">{\"@context\":\"https:\\\/\\\/schema.org\",\"@graph\":[{\"@type\":\"Article\",\"@id\":\"https:\\\/\\\/imaginadigital.com\\\/ca\\\/uncategorized-ca\\\/estudixarxessocials\\\/#article\",\"isPartOf\":{\"@id\":\"https:\\\/\\\/imaginadigital.com\\\/ca\\\/uncategorized-ca\\\/estudixarxessocials\\\/\"},\"author\":{\"name\":\"Manager\",\"@id\":\"https:\\\/\\\/imaginadigital.com\\\/ca\\\/#\\\/schema\\\/person\\\/5e48691f9504cc14f526602ce109f0dd\"},\"headline\":\"Primer estudi sobre xarxes socials a Catalunya elaborat per IMAGINA i el Col\u00b7legi del M\u00e0rqueting i la Comunicaci\u00f3\",\"datePublished\":\"2023-07-03T12:03:49+00:00\",\"dateModified\":\"2023-07-04T07:08:07+00:00\",\"mainEntityOfPage\":{\"@id\":\"https:\\\/\\\/imaginadigital.com\\\/ca\\\/uncategorized-ca\\\/estudixarxessocials\\\/\"},\"wordCount\":709,\"publisher\":{\"@id\":\"https:\\\/\\\/imaginadigital.com\\\/ca\\\/#organization\"},\"image\":{\"@id\":\"https:\\\/\\\/imaginadigital.com\\\/ca\\\/uncategorized-ca\\\/estudixarxessocials\\\/#primaryimage\"},\"thumbnailUrl\":\"https:\\\/\\\/imaginadigital.com\\\/wp-content\\\/uploads\\\/2023\\\/06\\\/IMG_2613-scaled.jpeg\",\"articleSection\":[\"Uncategorized @ca\"],\"inLanguage\":\"ca\"},{\"@type\":\"WebPage\",\"@id\":\"https:\\\/\\\/imaginadigital.com\\\/ca\\\/uncategorized-ca\\\/estudixarxessocials\\\/\",\"url\":\"https:\\\/\\\/imaginadigital.com\\\/ca\\\/uncategorized-ca\\\/estudixarxessocials\\\/\",\"name\":\"Primer estudi sobre xarxes socials a Catalunya elaborat per IMAGINA i el Col\u00b7legi del M\u00e0rqueting i la Comunicaci\u00f3 - IMAGINA Agencia de Marketing Digital\",\"isPartOf\":{\"@id\":\"https:\\\/\\\/imaginadigital.com\\\/ca\\\/#website\"},\"primaryImageOfPage\":{\"@id\":\"https:\\\/\\\/imaginadigital.com\\\/ca\\\/uncategorized-ca\\\/estudixarxessocials\\\/#primaryimage\"},\"image\":{\"@id\":\"https:\\\/\\\/imaginadigital.com\\\/ca\\\/uncategorized-ca\\\/estudixarxessocials\\\/#primaryimage\"},\"thumbnailUrl\":\"https:\\\/\\\/imaginadigital.com\\\/wp-content\\\/uploads\\\/2023\\\/06\\\/IMG_2613-scaled.jpeg\",\"datePublished\":\"2023-07-03T12:03:49+00:00\",\"dateModified\":\"2023-07-04T07:08:07+00:00\",\"breadcrumb\":{\"@id\":\"https:\\\/\\\/imaginadigital.com\\\/ca\\\/uncategorized-ca\\\/estudixarxessocials\\\/#breadcrumb\"},\"inLanguage\":\"ca\",\"potentialAction\":[{\"@type\":\"ReadAction\",\"target\":[\"https:\\\/\\\/imaginadigital.com\\\/ca\\\/uncategorized-ca\\\/estudixarxessocials\\\/\"]}]},{\"@type\":\"ImageObject\",\"inLanguage\":\"ca\",\"@id\":\"https:\\\/\\\/imaginadigital.com\\\/ca\\\/uncategorized-ca\\\/estudixarxessocials\\\/#primaryimage\",\"url\":\"https:\\\/\\\/imaginadigital.com\\\/wp-content\\\/uploads\\\/2023\\\/06\\\/IMG_2613-scaled.jpeg\",\"contentUrl\":\"https:\\\/\\\/imaginadigital.com\\\/wp-content\\\/uploads\\\/2023\\\/06\\\/IMG_2613-scaled.jpeg\",\"width\":2560,\"height\":1920},{\"@type\":\"BreadcrumbList\",\"@id\":\"https:\\\/\\\/imaginadigital.com\\\/ca\\\/uncategorized-ca\\\/estudixarxessocials\\\/#breadcrumb\",\"itemListElement\":[{\"@type\":\"ListItem\",\"position\":1,\"name\":\"Portada\",\"item\":\"https:\\\/\\\/imaginadigital.com\\\/ca\\\/\"},{\"@type\":\"ListItem\",\"position\":2,\"name\":\"Primer estudi sobre xarxes socials a Catalunya elaborat per IMAGINA i el Col\u00b7legi del M\u00e0rqueting i la Comunicaci\u00f3\"}]},{\"@type\":\"WebSite\",\"@id\":\"https:\\\/\\\/imaginadigital.com\\\/ca\\\/#website\",\"url\":\"https:\\\/\\\/imaginadigital.com\\\/ca\\\/\",\"name\":\"IMAGINA Agencia de Marketing Digital\",\"description\":\"Somos IMAGINA, la agencia de Social Media y marketing digital l\u00edder en Espa\u00f1a. Un equipo con 10 a\u00f1os de experiencia y 300 casos de \u00e9xito. Queremos ser tu partner en redes sociales\",\"publisher\":{\"@id\":\"https:\\\/\\\/imaginadigital.com\\\/ca\\\/#organization\"},\"potentialAction\":[{\"@type\":\"SearchAction\",\"target\":{\"@type\":\"EntryPoint\",\"urlTemplate\":\"https:\\\/\\\/imaginadigital.com\\\/ca\\\/?s={search_term_string}\"},\"query-input\":{\"@type\":\"PropertyValueSpecification\",\"valueRequired\":true,\"valueName\":\"search_term_string\"}}],\"inLanguage\":\"ca\"},{\"@type\":\"Organization\",\"@id\":\"https:\\\/\\\/imaginadigital.com\\\/ca\\\/#organization\",\"name\":\"IMAGINA Agencia de Marketing Digital\",\"url\":\"https:\\\/\\\/imaginadigital.com\\\/ca\\\/\",\"logo\":{\"@type\":\"ImageObject\",\"inLanguage\":\"ca\",\"@id\":\"https:\\\/\\\/imaginadigital.com\\\/ca\\\/#\\\/schema\\\/logo\\\/image\\\/\",\"url\":\"https:\\\/\\\/imaginadigital.com\\\/wp-content\\\/uploads\\\/2024\\\/11\\\/cropped-LOGO_NEW_IMAGINA.png\",\"contentUrl\":\"https:\\\/\\\/imaginadigital.com\\\/wp-content\\\/uploads\\\/2024\\\/11\\\/cropped-LOGO_NEW_IMAGINA.png\",\"width\":280,\"height\":56,\"caption\":\"IMAGINA Agencia de Marketing Digital\"},\"image\":{\"@id\":\"https:\\\/\\\/imaginadigital.com\\\/ca\\\/#\\\/schema\\\/logo\\\/image\\\/\"}},{\"@type\":\"Person\",\"@id\":\"https:\\\/\\\/imaginadigital.com\\\/ca\\\/#\\\/schema\\\/person\\\/5e48691f9504cc14f526602ce109f0dd\",\"name\":\"Manager\",\"url\":\"https:\\\/\\\/imaginadigital.com\\\/ca\\\/author\\\/manager\\\/\"}]}<\/script>\n<!-- \/ Yoast SEO plugin. -->","yoast_head_json":{"title":"Primer estudi sobre xarxes socials a Catalunya elaborat per IMAGINA i el Col\u00b7legi del M\u00e0rqueting i la Comunicaci\u00f3 - IMAGINA Agencia de Marketing Digital","robots":{"index":"index","follow":"follow","max-snippet":"max-snippet:-1","max-image-preview":"max-image-preview:large","max-video-preview":"max-video-preview:-1"},"canonical":"https:\/\/imaginadigital.com\/ca\/uncategorized-ca\/estudixarxessocials\/","og_locale":"ca_ES","og_type":"article","og_title":"Primer estudi sobre xarxes socials a Catalunya elaborat per IMAGINA i el Col\u00b7legi del M\u00e0rqueting i la Comunicaci\u00f3 - IMAGINA Agencia de Marketing Digital","og_description":"Hem presentat el primer Estudi sobre xarxes socials a Catalunya amb la col\u00b7laboraci\u00f3 del Col\u00b7legi del M\u00e0rqueting i la Comunicaci\u00f3. Aquest acte, celebrat al Palau Robert el 28 de juny, ha comptat amb la participaci\u00f3 del Sr. Oriol Dur\u00e1n, secretari de Mitjans de Comunicaci\u00f3 i Difusi\u00f3 de la Generalitat de Catalunya, el Sr. deg\u00e0 del ... Read more","og_url":"https:\/\/imaginadigital.com\/ca\/uncategorized-ca\/estudixarxessocials\/","og_site_name":"IMAGINA Agencia de Marketing Digital","article_published_time":"2023-07-03T12:03:49+00:00","article_modified_time":"2023-07-04T07:08:07+00:00","og_image":[{"width":2560,"height":1920,"url":"https:\/\/imaginadigital.com\/wp-content\/uploads\/2023\/06\/IMG_2613-scaled.jpeg","type":"image\/jpeg"}],"author":"Manager","twitter_card":"summary_large_image","twitter_misc":{"Escrit per":"Manager","Temps estimat de lectura":"3 minuts"},"schema":{"@context":"https:\/\/schema.org","@graph":[{"@type":"Article","@id":"https:\/\/imaginadigital.com\/ca\/uncategorized-ca\/estudixarxessocials\/#article","isPartOf":{"@id":"https:\/\/imaginadigital.com\/ca\/uncategorized-ca\/estudixarxessocials\/"},"author":{"name":"Manager","@id":"https:\/\/imaginadigital.com\/ca\/#\/schema\/person\/5e48691f9504cc14f526602ce109f0dd"},"headline":"Primer estudi sobre xarxes socials a Catalunya elaborat per IMAGINA i el Col\u00b7legi del M\u00e0rqueting i la Comunicaci\u00f3","datePublished":"2023-07-03T12:03:49+00:00","dateModified":"2023-07-04T07:08:07+00:00","mainEntityOfPage":{"@id":"https:\/\/imaginadigital.com\/ca\/uncategorized-ca\/estudixarxessocials\/"},"wordCount":709,"publisher":{"@id":"https:\/\/imaginadigital.com\/ca\/#organization"},"image":{"@id":"https:\/\/imaginadigital.com\/ca\/uncategorized-ca\/estudixarxessocials\/#primaryimage"},"thumbnailUrl":"https:\/\/imaginadigital.com\/wp-content\/uploads\/2023\/06\/IMG_2613-scaled.jpeg","articleSection":["Uncategorized @ca"],"inLanguage":"ca"},{"@type":"WebPage","@id":"https:\/\/imaginadigital.com\/ca\/uncategorized-ca\/estudixarxessocials\/","url":"https:\/\/imaginadigital.com\/ca\/uncategorized-ca\/estudixarxessocials\/","name":"Primer estudi sobre xarxes socials a Catalunya elaborat per IMAGINA i el Col\u00b7legi del M\u00e0rqueting i la Comunicaci\u00f3 - IMAGINA Agencia de Marketing Digital","isPartOf":{"@id":"https:\/\/imaginadigital.com\/ca\/#website"},"primaryImageOfPage":{"@id":"https:\/\/imaginadigital.com\/ca\/uncategorized-ca\/estudixarxessocials\/#primaryimage"},"image":{"@id":"https:\/\/imaginadigital.com\/ca\/uncategorized-ca\/estudixarxessocials\/#primaryimage"},"thumbnailUrl":"https:\/\/imaginadigital.com\/wp-content\/uploads\/2023\/06\/IMG_2613-scaled.jpeg","datePublished":"2023-07-03T12:03:49+00:00","dateModified":"2023-07-04T07:08:07+00:00","breadcrumb":{"@id":"https:\/\/imaginadigital.com\/ca\/uncategorized-ca\/estudixarxessocials\/#breadcrumb"},"inLanguage":"ca","potentialAction":[{"@type":"ReadAction","target":["https:\/\/imaginadigital.com\/ca\/uncategorized-ca\/estudixarxessocials\/"]}]},{"@type":"ImageObject","inLanguage":"ca","@id":"https:\/\/imaginadigital.com\/ca\/uncategorized-ca\/estudixarxessocials\/#primaryimage","url":"https:\/\/imaginadigital.com\/wp-content\/uploads\/2023\/06\/IMG_2613-scaled.jpeg","contentUrl":"https:\/\/imaginadigital.com\/wp-content\/uploads\/2023\/06\/IMG_2613-scaled.jpeg","width":2560,"height":1920},{"@type":"BreadcrumbList","@id":"https:\/\/imaginadigital.com\/ca\/uncategorized-ca\/estudixarxessocials\/#breadcrumb","itemListElement":[{"@type":"ListItem","position":1,"name":"Portada","item":"https:\/\/imaginadigital.com\/ca\/"},{"@type":"ListItem","position":2,"name":"Primer estudi sobre xarxes socials a Catalunya elaborat per IMAGINA i el Col\u00b7legi del M\u00e0rqueting i la Comunicaci\u00f3"}]},{"@type":"WebSite","@id":"https:\/\/imaginadigital.com\/ca\/#website","url":"https:\/\/imaginadigital.com\/ca\/","name":"IMAGINA Agencia de Marketing Digital","description":"Somos IMAGINA, la agencia de Social Media y marketing digital l\u00edder en Espa\u00f1a. Un equipo con 10 a\u00f1os de experiencia y 300 casos de \u00e9xito. Queremos ser tu partner en redes sociales","publisher":{"@id":"https:\/\/imaginadigital.com\/ca\/#organization"},"potentialAction":[{"@type":"SearchAction","target":{"@type":"EntryPoint","urlTemplate":"https:\/\/imaginadigital.com\/ca\/?s={search_term_string}"},"query-input":{"@type":"PropertyValueSpecification","valueRequired":true,"valueName":"search_term_string"}}],"inLanguage":"ca"},{"@type":"Organization","@id":"https:\/\/imaginadigital.com\/ca\/#organization","name":"IMAGINA Agencia de Marketing Digital","url":"https:\/\/imaginadigital.com\/ca\/","logo":{"@type":"ImageObject","inLanguage":"ca","@id":"https:\/\/imaginadigital.com\/ca\/#\/schema\/logo\/image\/","url":"https:\/\/imaginadigital.com\/wp-content\/uploads\/2024\/11\/cropped-LOGO_NEW_IMAGINA.png","contentUrl":"https:\/\/imaginadigital.com\/wp-content\/uploads\/2024\/11\/cropped-LOGO_NEW_IMAGINA.png","width":280,"height":56,"caption":"IMAGINA Agencia de Marketing Digital"},"image":{"@id":"https:\/\/imaginadigital.com\/ca\/#\/schema\/logo\/image\/"}},{"@type":"Person","@id":"https:\/\/imaginadigital.com\/ca\/#\/schema\/person\/5e48691f9504cc14f526602ce109f0dd","name":"Manager","url":"https:\/\/imaginadigital.com\/ca\/author\/manager\/"}]}},"_links":{"self":[{"href":"https:\/\/imaginadigital.com\/ca\/wp-json\/wp\/v2\/posts\/18170","targetHints":{"allow":["GET"]}}],"collection":[{"href":"https:\/\/imaginadigital.com\/ca\/wp-json\/wp\/v2\/posts"}],"about":[{"href":"https:\/\/imaginadigital.com\/ca\/wp-json\/wp\/v2\/types\/post"}],"author":[{"embeddable":true,"href":"https:\/\/imaginadigital.com\/ca\/wp-json\/wp\/v2\/users\/2"}],"replies":[{"embeddable":true,"href":"https:\/\/imaginadigital.com\/ca\/wp-json\/wp\/v2\/comments?post=18170"}],"version-history":[{"count":0,"href":"https:\/\/imaginadigital.com\/ca\/wp-json\/wp\/v2\/posts\/18170\/revisions"}],"wp:featuredmedia":[{"embeddable":true,"href":"https:\/\/imaginadigital.com\/ca\/wp-json\/wp\/v2\/media\/18072"}],"wp:attachment":[{"href":"https:\/\/imaginadigital.com\/ca\/wp-json\/wp\/v2\/media?parent=18170"}],"wp:term":[{"taxonomy":"category","embeddable":true,"href":"https:\/\/imaginadigital.com\/ca\/wp-json\/wp\/v2\/categories?post=18170"},{"taxonomy":"post_tag","embeddable":true,"href":"https:\/\/imaginadigital.com\/ca\/wp-json\/wp\/v2\/tags?post=18170"}],"curies":[{"name":"wp","href":"https:\/\/api.w.org\/{rel}","templated":true}]}}