{"id":25280,"date":"2025-03-31T14:00:45","date_gmt":"2025-03-31T12:00:45","guid":{"rendered":"https:\/\/imaginadigital.com\/?p=25280"},"modified":"2025-03-31T15:47:38","modified_gmt":"2025-03-31T13:47:38","slug":"el-estudio-de-imagina-que-revela-el-impacto-de-las-redes-sociales-en-cataluna","status":"publish","type":"post","link":"https:\/\/imaginadigital.com\/ca\/blog\/el-estudio-de-imagina-que-revela-el-impacto-de-las-redes-sociales-en-cataluna\/","title":{"rendered":"El estudio de IMAGINA que revela el impacto de las redes sociales en Catalu\u00f1a"},"content":{"rendered":"<p><span data-contrast=\"auto\">El uso de las redes sociales en Catalu\u00f1a <a href=\"https:\/\/www.instagram.com\/p\/DG033GZoKix\/?img_index=1\">est\u00e1 en su punto m\u00e1s alto<\/a>, y los datos lo confirman. Seg\u00fan el estudio de <strong>IMAGINA<\/strong>, actualmente hay <\/span><b><span data-contrast=\"auto\">6,4 millones de usuarios conectados<\/span><\/b><span data-contrast=\"auto\">, quienes pasan un promedio de <\/span><b><span data-contrast=\"auto\">2,3 horas diarias en redes sociales<\/span><\/b><span data-contrast=\"auto\">. Pero lo m\u00e1s sorprendente es que <\/span><b><span data-contrast=\"auto\">el 84% de los usuarios ya realiza compras directamente desde estas plataformas<\/span><\/b><span data-contrast=\"auto\">.<\/span><\/p>\n<h3 aria-level=\"3\"><b><span data-contrast=\"none\">Redes sociales en Catalu\u00f1a: \u00bfQui\u00e9n domina el panorama?<\/span><\/b><span data-ccp-props=\"{&quot;134233117&quot;:false,&quot;134233118&quot;:false,&quot;134245418&quot;:true,&quot;134245529&quot;:true,&quot;335551550&quot;:0,&quot;335551620&quot;:0,&quot;335559738&quot;:281,&quot;335559739&quot;:281}\">\u00a0<\/span><\/h3>\n<p><span data-contrast=\"auto\">El estudio ha tenido una gran repercusi\u00f3n en medios nacionales como <\/span><b><span data-contrast=\"auto\">El Punt Avui, Vilaweb, Naci\u00f3 Digital, 20 Minutos y Via Empresa<\/span><\/b><span data-contrast=\"auto\">, <a href=\"https:\/\/imaginadigital.com\/blog\/el-uso-de-las-redes-sociales-en-catalunya-en-2024-crecimiento-y-nuevas-tendencias\/\">destacando las tendencias clave<\/a> del consumo digital en Catalu\u00f1a. Entre los hallazgos m\u00e1s importantes, encontramos que <\/span><b><span data-contrast=\"auto\">Instagram y TikTok lideran el uso de redes sociales<\/span><\/b><span data-contrast=\"auto\">, convirti\u00e9ndose en los principales canales para marcas y creadores de contenido.<\/span><\/p>\n<p><span data-contrast=\"auto\">Adem\u00e1s, el <\/span><b><span data-contrast=\"auto\">Social Shopping<\/span><\/b><span data-contrast=\"auto\"> ha experimentado un crecimiento notable, con cada vez m\u00e1s catalanes comprando directamente desde redes sociales, lo que refuerza el papel clave de estas plataformas en las decisiones de compra.<\/span><\/p>\n<h3 aria-level=\"3\"><b><span data-contrast=\"none\">\u00bfPor qu\u00e9 estos datos son clave para tu marca?<\/span><\/b><span data-ccp-props=\"{&quot;134233117&quot;:false,&quot;134233118&quot;:false,&quot;134245418&quot;:true,&quot;134245529&quot;:true,&quot;335551550&quot;:0,&quot;335551620&quot;:0,&quot;335559738&quot;:281,&quot;335559739&quot;:281}\">\u00a0<\/span><\/h3>\n<p><span data-contrast=\"auto\">El informe de IMAGINA deja claro que el futuro del marketing es digital, y las empresas que sepan adaptarse tendr\u00e1n una ventaja competitiva significativa:<\/span><\/p>\n<p><span data-contrast=\"auto\">\u2714\ufe0f <\/span><b><span data-contrast=\"auto\">M\u00e1s usuarios = m\u00e1s oportunidades<\/span><\/b><span data-contrast=\"auto\"> para captar clientes y ampliar tu audiencia.<br \/>\n\u2714\ufe0f <\/span><b><span data-contrast=\"auto\">M\u00e1s tiempo en redes = mayor visibilidad<\/span><\/b><span data-contrast=\"auto\"> para tu marca y contenido.<br \/>\n\u2714\ufe0f <\/span><b><span data-contrast=\"auto\">Algoritmos e influencers = mayor impacto<\/span><\/b><span data-contrast=\"auto\"> en las decisiones de compra.<\/span><\/p>\n<h3 aria-level=\"3\"><b><span data-contrast=\"none\">\u00a1Descarga el estudio completo!<\/span><\/b><\/h3>\n<p><span data-contrast=\"auto\">Si quieres conocer en detalle <\/span><b><span data-contrast=\"auto\">c\u00f3mo aprovechar el crecimiento del Social Shopping, cu\u00e1l es la red social favorita de los catalanes y c\u00f3mo impacta esto en tu estrategia de marketing<\/span><\/b><span data-contrast=\"auto\">, no te pierdas el estudio completo.<\/span><\/p>\n<p><span data-contrast=\"auto\">\ud83d\udce9 <\/span><b><span data-contrast=\"auto\">Desc\u00e1rgalo ahora en nuestra p\u00e1gina principal de la web y lleva tu marca al siguiente nivel.<\/span><\/b><\/p>\n","protected":false},"excerpt":{"rendered":"<p>El uso de las redes sociales en Catalu\u00f1a est\u00e1 en su punto m\u00e1s alto, y los datos lo confirman. Seg\u00fan el estudio de IMAGINA, actualmente hay 6,4 millones de usuarios conectados, quienes pasan un promedio de 2,3 horas diarias en redes sociales. Pero lo m\u00e1s sorprendente es que el 84% de los usuarios ya realiza &#8230; <a title=\"El estudio de IMAGINA que revela el impacto de las redes sociales en Catalu\u00f1a\" class=\"read-more\" href=\"https:\/\/imaginadigital.com\/ca\/blog\/el-estudio-de-imagina-que-revela-el-impacto-de-las-redes-sociales-en-cataluna\/\" aria-label=\"M\u00e9s informaci\u00f3 sobre El estudio de IMAGINA que revela el impacto de las redes sociales en Catalu\u00f1a\">Read more<\/a><\/p>\n","protected":false},"author":4,"featured_media":25282,"comment_status":"closed","ping_status":"closed","sticky":false,"template":"","format":"standard","meta":{"_acf_changed":false,"content-type":"","inline_featured_image":false,"footnotes":""},"categories":[8],"tags":[67,66,58,48],"class_list":["post-25280","post","type-post","status-publish","format-standard","has-post-thumbnail","hentry","category-blog","tag-cataluna","tag-estudio","tag-imagina-2","tag-redes-sociales"],"acf":[],"yoast_head":"<!-- This site is optimized with the Yoast SEO plugin v27.4 - https:\/\/yoast.com\/product\/yoast-seo-wordpress\/ -->\n<title>El estudio de IMAGINA que revela el impacto de las redes sociales en Catalu\u00f1a - IMAGINA Agencia de Marketing Digital<\/title>\n<meta name=\"description\" content=\"Descubre el estudio de IMAGINA sobre redes sociales en Catalu\u00f1a: 6,4M de usuarios, 2,3h diarias en redes y el auge del Social Shopping.\" \/>\n<meta name=\"robots\" content=\"index, follow, max-snippet:-1, max-image-preview:large, max-video-preview:-1\" \/>\n<link rel=\"canonical\" href=\"https:\/\/imaginadigital.com\/ca\/blog\/el-estudio-de-imagina-que-revela-el-impacto-de-las-redes-sociales-en-cataluna\/\" \/>\n<meta property=\"og:locale\" content=\"ca_ES\" \/>\n<meta property=\"og:type\" content=\"article\" \/>\n<meta property=\"og:title\" content=\"El estudio de IMAGINA que revela el impacto de las redes sociales en Catalu\u00f1a - IMAGINA Agencia de Marketing Digital\" \/>\n<meta property=\"og:description\" content=\"Descubre el estudio de IMAGINA sobre redes sociales en Catalu\u00f1a: 6,4M de usuarios, 2,3h diarias en redes y el auge del Social Shopping.\" \/>\n<meta property=\"og:url\" content=\"https:\/\/imaginadigital.com\/ca\/blog\/el-estudio-de-imagina-que-revela-el-impacto-de-las-redes-sociales-en-cataluna\/\" \/>\n<meta property=\"og:site_name\" content=\"IMAGINA Agencia de Marketing Digital\" \/>\n<meta property=\"article:published_time\" content=\"2025-03-31T12:00:45+00:00\" \/>\n<meta property=\"article:modified_time\" content=\"2025-03-31T13:47:38+00:00\" \/>\n<meta property=\"og:image\" content=\"https:\/\/imaginadigital.com\/wp-content\/uploads\/2025\/03\/Diseno-sin-titulo-46.png\" \/>\n\t<meta property=\"og:image:width\" content=\"1250\" \/>\n\t<meta property=\"og:image:height\" content=\"675\" \/>\n\t<meta property=\"og:image:type\" content=\"image\/png\" \/>\n<meta name=\"author\" content=\"Carolina\" \/>\n<meta name=\"twitter:card\" content=\"summary_large_image\" \/>\n<meta name=\"twitter:label1\" content=\"Escrit per\" \/>\n\t<meta name=\"twitter:data1\" content=\"Carolina\" \/>\n\t<meta name=\"twitter:label2\" content=\"Temps estimat de lectura\" \/>\n\t<meta name=\"twitter:data2\" content=\"1 minut\" \/>\n<script type=\"application\/ld+json\" class=\"yoast-schema-graph\">{\"@context\":\"https:\\\/\\\/schema.org\",\"@graph\":[{\"@type\":\"Article\",\"@id\":\"https:\\\/\\\/imaginadigital.com\\\/ca\\\/blog\\\/el-estudio-de-imagina-que-revela-el-impacto-de-las-redes-sociales-en-cataluna\\\/#article\",\"isPartOf\":{\"@id\":\"https:\\\/\\\/imaginadigital.com\\\/ca\\\/blog\\\/el-estudio-de-imagina-que-revela-el-impacto-de-las-redes-sociales-en-cataluna\\\/\"},\"author\":{\"name\":\"Carolina\",\"@id\":\"https:\\\/\\\/imaginadigital.com\\\/ca\\\/#\\\/schema\\\/person\\\/43001924663404f5ee9bb53886ab8570\"},\"headline\":\"El estudio de IMAGINA que revela el impacto de las redes sociales en Catalu\u00f1a\",\"datePublished\":\"2025-03-31T12:00:45+00:00\",\"dateModified\":\"2025-03-31T13:47:38+00:00\",\"mainEntityOfPage\":{\"@id\":\"https:\\\/\\\/imaginadigital.com\\\/ca\\\/blog\\\/el-estudio-de-imagina-que-revela-el-impacto-de-las-redes-sociales-en-cataluna\\\/\"},\"wordCount\":312,\"publisher\":{\"@id\":\"https:\\\/\\\/imaginadigital.com\\\/ca\\\/#organization\"},\"image\":{\"@id\":\"https:\\\/\\\/imaginadigital.com\\\/ca\\\/blog\\\/el-estudio-de-imagina-que-revela-el-impacto-de-las-redes-sociales-en-cataluna\\\/#primaryimage\"},\"thumbnailUrl\":\"https:\\\/\\\/imaginadigital.com\\\/wp-content\\\/uploads\\\/2025\\\/03\\\/Diseno-sin-titulo-46.png\",\"keywords\":[\"Catalu\u00f1a\",\"Estudio\",\"IMAGINA\",\"redes sociales\"],\"articleSection\":[\"Blog\"],\"inLanguage\":\"ca\"},{\"@type\":\"WebPage\",\"@id\":\"https:\\\/\\\/imaginadigital.com\\\/ca\\\/blog\\\/el-estudio-de-imagina-que-revela-el-impacto-de-las-redes-sociales-en-cataluna\\\/\",\"url\":\"https:\\\/\\\/imaginadigital.com\\\/ca\\\/blog\\\/el-estudio-de-imagina-que-revela-el-impacto-de-las-redes-sociales-en-cataluna\\\/\",\"name\":\"El estudio de IMAGINA que revela el impacto de las redes sociales en Catalu\u00f1a - IMAGINA Agencia de Marketing Digital\",\"isPartOf\":{\"@id\":\"https:\\\/\\\/imaginadigital.com\\\/ca\\\/#website\"},\"primaryImageOfPage\":{\"@id\":\"https:\\\/\\\/imaginadigital.com\\\/ca\\\/blog\\\/el-estudio-de-imagina-que-revela-el-impacto-de-las-redes-sociales-en-cataluna\\\/#primaryimage\"},\"image\":{\"@id\":\"https:\\\/\\\/imaginadigital.com\\\/ca\\\/blog\\\/el-estudio-de-imagina-que-revela-el-impacto-de-las-redes-sociales-en-cataluna\\\/#primaryimage\"},\"thumbnailUrl\":\"https:\\\/\\\/imaginadigital.com\\\/wp-content\\\/uploads\\\/2025\\\/03\\\/Diseno-sin-titulo-46.png\",\"datePublished\":\"2025-03-31T12:00:45+00:00\",\"dateModified\":\"2025-03-31T13:47:38+00:00\",\"description\":\"Descubre el estudio de IMAGINA sobre redes sociales en Catalu\u00f1a: 6,4M de usuarios, 2,3h diarias en redes y el auge del Social Shopping.\",\"breadcrumb\":{\"@id\":\"https:\\\/\\\/imaginadigital.com\\\/ca\\\/blog\\\/el-estudio-de-imagina-que-revela-el-impacto-de-las-redes-sociales-en-cataluna\\\/#breadcrumb\"},\"inLanguage\":\"ca\",\"potentialAction\":[{\"@type\":\"ReadAction\",\"target\":[\"https:\\\/\\\/imaginadigital.com\\\/ca\\\/blog\\\/el-estudio-de-imagina-que-revela-el-impacto-de-las-redes-sociales-en-cataluna\\\/\"]}]},{\"@type\":\"ImageObject\",\"inLanguage\":\"ca\",\"@id\":\"https:\\\/\\\/imaginadigital.com\\\/ca\\\/blog\\\/el-estudio-de-imagina-que-revela-el-impacto-de-las-redes-sociales-en-cataluna\\\/#primaryimage\",\"url\":\"https:\\\/\\\/imaginadigital.com\\\/wp-content\\\/uploads\\\/2025\\\/03\\\/Diseno-sin-titulo-46.png\",\"contentUrl\":\"https:\\\/\\\/imaginadigital.com\\\/wp-content\\\/uploads\\\/2025\\\/03\\\/Diseno-sin-titulo-46.png\",\"width\":1250,\"height\":675},{\"@type\":\"BreadcrumbList\",\"@id\":\"https:\\\/\\\/imaginadigital.com\\\/ca\\\/blog\\\/el-estudio-de-imagina-que-revela-el-impacto-de-las-redes-sociales-en-cataluna\\\/#breadcrumb\",\"itemListElement\":[{\"@type\":\"ListItem\",\"position\":1,\"name\":\"Portada\",\"item\":\"https:\\\/\\\/imaginadigital.com\\\/ca\\\/\"},{\"@type\":\"ListItem\",\"position\":2,\"name\":\"El estudio de IMAGINA que revela el impacto de las redes sociales en Catalu\u00f1a\"}]},{\"@type\":\"WebSite\",\"@id\":\"https:\\\/\\\/imaginadigital.com\\\/ca\\\/#website\",\"url\":\"https:\\\/\\\/imaginadigital.com\\\/ca\\\/\",\"name\":\"IMAGINA Agencia de Marketing Digital\",\"description\":\"Somos IMAGINA, la agencia de Social Media y marketing digital l\u00edder en Espa\u00f1a. Un equipo con 10 a\u00f1os de experiencia y 300 casos de \u00e9xito. Queremos ser tu partner en redes sociales\",\"publisher\":{\"@id\":\"https:\\\/\\\/imaginadigital.com\\\/ca\\\/#organization\"},\"potentialAction\":[{\"@type\":\"SearchAction\",\"target\":{\"@type\":\"EntryPoint\",\"urlTemplate\":\"https:\\\/\\\/imaginadigital.com\\\/ca\\\/?s={search_term_string}\"},\"query-input\":{\"@type\":\"PropertyValueSpecification\",\"valueRequired\":true,\"valueName\":\"search_term_string\"}}],\"inLanguage\":\"ca\"},{\"@type\":\"Organization\",\"@id\":\"https:\\\/\\\/imaginadigital.com\\\/ca\\\/#organization\",\"name\":\"IMAGINA Agencia de Marketing Digital\",\"url\":\"https:\\\/\\\/imaginadigital.com\\\/ca\\\/\",\"logo\":{\"@type\":\"ImageObject\",\"inLanguage\":\"ca\",\"@id\":\"https:\\\/\\\/imaginadigital.com\\\/ca\\\/#\\\/schema\\\/logo\\\/image\\\/\",\"url\":\"https:\\\/\\\/imaginadigital.com\\\/wp-content\\\/uploads\\\/2024\\\/11\\\/cropped-LOGO_NEW_IMAGINA.png\",\"contentUrl\":\"https:\\\/\\\/imaginadigital.com\\\/wp-content\\\/uploads\\\/2024\\\/11\\\/cropped-LOGO_NEW_IMAGINA.png\",\"width\":280,\"height\":56,\"caption\":\"IMAGINA Agencia de Marketing Digital\"},\"image\":{\"@id\":\"https:\\\/\\\/imaginadigital.com\\\/ca\\\/#\\\/schema\\\/logo\\\/image\\\/\"}},{\"@type\":\"Person\",\"@id\":\"https:\\\/\\\/imaginadigital.com\\\/ca\\\/#\\\/schema\\\/person\\\/43001924663404f5ee9bb53886ab8570\",\"name\":\"Carolina\",\"url\":\"https:\\\/\\\/imaginadigital.com\\\/ca\\\/author\\\/analytics\\\/\"}]}<\/script>\n<!-- \/ Yoast SEO plugin. -->","yoast_head_json":{"title":"El estudio de IMAGINA que revela el impacto de las redes sociales en Catalu\u00f1a - IMAGINA Agencia de Marketing Digital","description":"Descubre el estudio de IMAGINA sobre redes sociales en Catalu\u00f1a: 6,4M de usuarios, 2,3h diarias en redes y el auge del Social Shopping.","robots":{"index":"index","follow":"follow","max-snippet":"max-snippet:-1","max-image-preview":"max-image-preview:large","max-video-preview":"max-video-preview:-1"},"canonical":"https:\/\/imaginadigital.com\/ca\/blog\/el-estudio-de-imagina-que-revela-el-impacto-de-las-redes-sociales-en-cataluna\/","og_locale":"ca_ES","og_type":"article","og_title":"El estudio de IMAGINA que revela el impacto de las redes sociales en Catalu\u00f1a - IMAGINA Agencia de Marketing Digital","og_description":"Descubre el estudio de IMAGINA sobre redes sociales en Catalu\u00f1a: 6,4M de usuarios, 2,3h diarias en redes y el auge del Social Shopping.","og_url":"https:\/\/imaginadigital.com\/ca\/blog\/el-estudio-de-imagina-que-revela-el-impacto-de-las-redes-sociales-en-cataluna\/","og_site_name":"IMAGINA Agencia de Marketing Digital","article_published_time":"2025-03-31T12:00:45+00:00","article_modified_time":"2025-03-31T13:47:38+00:00","og_image":[{"width":1250,"height":675,"url":"https:\/\/imaginadigital.com\/wp-content\/uploads\/2025\/03\/Diseno-sin-titulo-46.png","type":"image\/png"}],"author":"Carolina","twitter_card":"summary_large_image","twitter_misc":{"Escrit per":"Carolina","Temps estimat de lectura":"1 minut"},"schema":{"@context":"https:\/\/schema.org","@graph":[{"@type":"Article","@id":"https:\/\/imaginadigital.com\/ca\/blog\/el-estudio-de-imagina-que-revela-el-impacto-de-las-redes-sociales-en-cataluna\/#article","isPartOf":{"@id":"https:\/\/imaginadigital.com\/ca\/blog\/el-estudio-de-imagina-que-revela-el-impacto-de-las-redes-sociales-en-cataluna\/"},"author":{"name":"Carolina","@id":"https:\/\/imaginadigital.com\/ca\/#\/schema\/person\/43001924663404f5ee9bb53886ab8570"},"headline":"El estudio de IMAGINA que revela el impacto de las redes sociales en Catalu\u00f1a","datePublished":"2025-03-31T12:00:45+00:00","dateModified":"2025-03-31T13:47:38+00:00","mainEntityOfPage":{"@id":"https:\/\/imaginadigital.com\/ca\/blog\/el-estudio-de-imagina-que-revela-el-impacto-de-las-redes-sociales-en-cataluna\/"},"wordCount":312,"publisher":{"@id":"https:\/\/imaginadigital.com\/ca\/#organization"},"image":{"@id":"https:\/\/imaginadigital.com\/ca\/blog\/el-estudio-de-imagina-que-revela-el-impacto-de-las-redes-sociales-en-cataluna\/#primaryimage"},"thumbnailUrl":"https:\/\/imaginadigital.com\/wp-content\/uploads\/2025\/03\/Diseno-sin-titulo-46.png","keywords":["Catalu\u00f1a","Estudio","IMAGINA","redes sociales"],"articleSection":["Blog"],"inLanguage":"ca"},{"@type":"WebPage","@id":"https:\/\/imaginadigital.com\/ca\/blog\/el-estudio-de-imagina-que-revela-el-impacto-de-las-redes-sociales-en-cataluna\/","url":"https:\/\/imaginadigital.com\/ca\/blog\/el-estudio-de-imagina-que-revela-el-impacto-de-las-redes-sociales-en-cataluna\/","name":"El estudio de IMAGINA que revela el impacto de las redes sociales en Catalu\u00f1a - IMAGINA Agencia de Marketing Digital","isPartOf":{"@id":"https:\/\/imaginadigital.com\/ca\/#website"},"primaryImageOfPage":{"@id":"https:\/\/imaginadigital.com\/ca\/blog\/el-estudio-de-imagina-que-revela-el-impacto-de-las-redes-sociales-en-cataluna\/#primaryimage"},"image":{"@id":"https:\/\/imaginadigital.com\/ca\/blog\/el-estudio-de-imagina-que-revela-el-impacto-de-las-redes-sociales-en-cataluna\/#primaryimage"},"thumbnailUrl":"https:\/\/imaginadigital.com\/wp-content\/uploads\/2025\/03\/Diseno-sin-titulo-46.png","datePublished":"2025-03-31T12:00:45+00:00","dateModified":"2025-03-31T13:47:38+00:00","description":"Descubre el estudio de IMAGINA sobre redes sociales en Catalu\u00f1a: 6,4M de usuarios, 2,3h diarias en redes y el auge del Social Shopping.","breadcrumb":{"@id":"https:\/\/imaginadigital.com\/ca\/blog\/el-estudio-de-imagina-que-revela-el-impacto-de-las-redes-sociales-en-cataluna\/#breadcrumb"},"inLanguage":"ca","potentialAction":[{"@type":"ReadAction","target":["https:\/\/imaginadigital.com\/ca\/blog\/el-estudio-de-imagina-que-revela-el-impacto-de-las-redes-sociales-en-cataluna\/"]}]},{"@type":"ImageObject","inLanguage":"ca","@id":"https:\/\/imaginadigital.com\/ca\/blog\/el-estudio-de-imagina-que-revela-el-impacto-de-las-redes-sociales-en-cataluna\/#primaryimage","url":"https:\/\/imaginadigital.com\/wp-content\/uploads\/2025\/03\/Diseno-sin-titulo-46.png","contentUrl":"https:\/\/imaginadigital.com\/wp-content\/uploads\/2025\/03\/Diseno-sin-titulo-46.png","width":1250,"height":675},{"@type":"BreadcrumbList","@id":"https:\/\/imaginadigital.com\/ca\/blog\/el-estudio-de-imagina-que-revela-el-impacto-de-las-redes-sociales-en-cataluna\/#breadcrumb","itemListElement":[{"@type":"ListItem","position":1,"name":"Portada","item":"https:\/\/imaginadigital.com\/ca\/"},{"@type":"ListItem","position":2,"name":"El estudio de IMAGINA que revela el impacto de las redes sociales en Catalu\u00f1a"}]},{"@type":"WebSite","@id":"https:\/\/imaginadigital.com\/ca\/#website","url":"https:\/\/imaginadigital.com\/ca\/","name":"IMAGINA Agencia de Marketing Digital","description":"Somos IMAGINA, la agencia de Social Media y marketing digital l\u00edder en Espa\u00f1a. Un equipo con 10 a\u00f1os de experiencia y 300 casos de \u00e9xito. Queremos ser tu partner en redes sociales","publisher":{"@id":"https:\/\/imaginadigital.com\/ca\/#organization"},"potentialAction":[{"@type":"SearchAction","target":{"@type":"EntryPoint","urlTemplate":"https:\/\/imaginadigital.com\/ca\/?s={search_term_string}"},"query-input":{"@type":"PropertyValueSpecification","valueRequired":true,"valueName":"search_term_string"}}],"inLanguage":"ca"},{"@type":"Organization","@id":"https:\/\/imaginadigital.com\/ca\/#organization","name":"IMAGINA Agencia de Marketing Digital","url":"https:\/\/imaginadigital.com\/ca\/","logo":{"@type":"ImageObject","inLanguage":"ca","@id":"https:\/\/imaginadigital.com\/ca\/#\/schema\/logo\/image\/","url":"https:\/\/imaginadigital.com\/wp-content\/uploads\/2024\/11\/cropped-LOGO_NEW_IMAGINA.png","contentUrl":"https:\/\/imaginadigital.com\/wp-content\/uploads\/2024\/11\/cropped-LOGO_NEW_IMAGINA.png","width":280,"height":56,"caption":"IMAGINA Agencia de Marketing Digital"},"image":{"@id":"https:\/\/imaginadigital.com\/ca\/#\/schema\/logo\/image\/"}},{"@type":"Person","@id":"https:\/\/imaginadigital.com\/ca\/#\/schema\/person\/43001924663404f5ee9bb53886ab8570","name":"Carolina","url":"https:\/\/imaginadigital.com\/ca\/author\/analytics\/"}]}},"_links":{"self":[{"href":"https:\/\/imaginadigital.com\/ca\/wp-json\/wp\/v2\/posts\/25280","targetHints":{"allow":["GET"]}}],"collection":[{"href":"https:\/\/imaginadigital.com\/ca\/wp-json\/wp\/v2\/posts"}],"about":[{"href":"https:\/\/imaginadigital.com\/ca\/wp-json\/wp\/v2\/types\/post"}],"author":[{"embeddable":true,"href":"https:\/\/imaginadigital.com\/ca\/wp-json\/wp\/v2\/users\/4"}],"replies":[{"embeddable":true,"href":"https:\/\/imaginadigital.com\/ca\/wp-json\/wp\/v2\/comments?post=25280"}],"version-history":[{"count":2,"href":"https:\/\/imaginadigital.com\/ca\/wp-json\/wp\/v2\/posts\/25280\/revisions"}],"predecessor-version":[{"id":25285,"href":"https:\/\/imaginadigital.com\/ca\/wp-json\/wp\/v2\/posts\/25280\/revisions\/25285"}],"wp:featuredmedia":[{"embeddable":true,"href":"https:\/\/imaginadigital.com\/ca\/wp-json\/wp\/v2\/media\/25282"}],"wp:attachment":[{"href":"https:\/\/imaginadigital.com\/ca\/wp-json\/wp\/v2\/media?parent=25280"}],"wp:term":[{"taxonomy":"category","embeddable":true,"href":"https:\/\/imaginadigital.com\/ca\/wp-json\/wp\/v2\/categories?post=25280"},{"taxonomy":"post_tag","embeddable":true,"href":"https:\/\/imaginadigital.com\/ca\/wp-json\/wp\/v2\/tags?post=25280"}],"curies":[{"name":"wp","href":"https:\/\/api.w.org\/{rel}","templated":true}]}}