{"id":21169,"date":"2023-12-20T08:39:26","date_gmt":"2023-12-20T07:39:26","guid":{"rendered":"https:\/\/imaginadigital.com\/?p=21169"},"modified":"2024-03-05T08:39:45","modified_gmt":"2024-03-05T07:39:45","slug":"amazfit-presenta-su-nueva-serie-active-en-un-evento-para-periodistas-organizado-por-imagina","status":"publish","type":"post","link":"https:\/\/imaginadigital.com\/en\/blog\/amazfit-presenta-su-nueva-serie-active-en-un-evento-para-periodistas-organizado-por-imagina\/","title":{"rendered":"Amazfit presenta su nueva serie Active en un evento para periodistas organizado por IMAGINA"},"content":{"rendered":"<p><span data-contrast=\"auto\">Amazfit, la marca global de Zepp Health, ha presentado hoy en Madrid su \u00faltima serie de smartwatches: Amazfit Active. El evento, organizado por la agencia de comunicaci\u00f3n IMAGINA, ha contado con la asistencia de un gran n\u00famero de periodistas especializados en tecnolog\u00eda y lifestyle.<\/span><span data-ccp-props=\"{}\">\u00a0<\/span><\/p>\n<p><span data-ccp-props=\"{}\">\u00a0<\/span><\/p>\n<p><b><span data-contrast=\"auto\">La serie Amazfit Active llega a Espa\u00f1a para revolucionar el mercado de los smartwatches con su dise\u00f1o elegante, funciones avanzadas y precio accesible.<\/span><\/b><span data-contrast=\"auto\">\u00a0<\/span><span data-ccp-props=\"{}\">\u00a0<\/span><\/p>\n<p><span data-ccp-props=\"{}\">\u00a0<\/span><\/p>\n<p><span data-contrast=\"auto\">Dirigida a aquellos que buscan fusionar estilo y bienestar, esta nueva gama de relojes inteligentes ofrece:<\/span><span data-ccp-props=\"{}\">\u00a0<\/span><\/p>\n<p><span data-ccp-props=\"{}\">\u00a0<\/span><\/p>\n<ul>\n<li data-leveltext=\"\u2022\" data-font=\"AppleSystemUIFont\" data-listid=\"1\" data-list-defn-props=\"{&quot;335552541&quot;:1,&quot;335559684&quot;:-2,&quot;335559685&quot;:720,&quot;335559991&quot;:360,&quot;469769242&quot;:[8226],&quot;469777803&quot;:&quot;left&quot;,&quot;469777804&quot;:&quot;\u2022&quot;,&quot;469777815&quot;:&quot;hybridMultilevel&quot;}\" aria-setsize=\"-1\" data-aria-posinset=\"1\" data-aria-level=\"1\"><span data-contrast=\"auto\">Un dise\u00f1o minimalista y elegante disponible en tres vibrantes colores: Midnight Black, Petal Pink y Lavender Purple.<\/span><span data-ccp-props=\"{&quot;335559685&quot;:0,&quot;335559731&quot;:0}\">\u00a0<\/span><\/li>\n<li data-leveltext=\"\u2022\" data-font=\"AppleSystemUIFont\" data-listid=\"1\" data-list-defn-props=\"{&quot;335552541&quot;:1,&quot;335559684&quot;:-2,&quot;335559685&quot;:720,&quot;335559991&quot;:360,&quot;469769242&quot;:[8226],&quot;469777803&quot;:&quot;left&quot;,&quot;469777804&quot;:&quot;\u2022&quot;,&quot;469777815&quot;:&quot;hybridMultilevel&quot;}\" aria-setsize=\"-1\" data-aria-posinset=\"2\" data-aria-level=\"1\"><span data-contrast=\"auto\">Una pantalla HD AMOLED de 1,75 pulgadas que brinda una experiencia visual excepcional.<\/span><span data-ccp-props=\"{&quot;335559685&quot;:0,&quot;335559731&quot;:0}\">\u00a0<\/span><\/li>\n<li data-leveltext=\"\u2022\" data-font=\"AppleSystemUIFont\" data-listid=\"1\" data-list-defn-props=\"{&quot;335552541&quot;:1,&quot;335559684&quot;:-2,&quot;335559685&quot;:720,&quot;335559991&quot;:360,&quot;469769242&quot;:[8226],&quot;469777803&quot;:&quot;left&quot;,&quot;469777804&quot;:&quot;\u2022&quot;,&quot;469777815&quot;:&quot;hybridMultilevel&quot;}\" aria-setsize=\"-1\" data-aria-posinset=\"3\" data-aria-level=\"1\"><span data-contrast=\"auto\">Funciones de vanguardia centradas en la salud y el fitness, como GPS preciso, monitorizaci\u00f3n integral de la frecuencia card\u00edaca, el sue\u00f1o y la saturaci\u00f3n de ox\u00edgeno en sangre, una impresionante variedad de 120 modos deportivos y total compatibilidad con Alexa.<\/span><span data-ccp-props=\"{&quot;335559685&quot;:0,&quot;335559731&quot;:0}\">\u00a0<\/span><\/li>\n<li data-leveltext=\"\u2022\" data-font=\"AppleSystemUIFont\" data-listid=\"1\" data-list-defn-props=\"{&quot;335552541&quot;:1,&quot;335559684&quot;:-2,&quot;335559685&quot;:720,&quot;335559991&quot;:360,&quot;469769242&quot;:[8226],&quot;469777803&quot;:&quot;left&quot;,&quot;469777804&quot;:&quot;\u2022&quot;,&quot;469777815&quot;:&quot;hybridMultilevel&quot;}\" aria-setsize=\"-1\" data-aria-posinset=\"4\" data-aria-level=\"1\"><span data-contrast=\"auto\">Una duraci\u00f3n de bater\u00eda extraordinaria, ofreciendo hasta 14 d\u00edas de autonom\u00eda en condiciones normales de uso.<\/span><span data-ccp-props=\"{&quot;335559685&quot;:0,&quot;335559731&quot;:0}\">\u00a0<\/span><\/li>\n<li data-leveltext=\"\u2022\" data-font=\"AppleSystemUIFont\" data-listid=\"1\" data-list-defn-props=\"{&quot;335552541&quot;:1,&quot;335559684&quot;:-2,&quot;335559685&quot;:720,&quot;335559991&quot;:360,&quot;469769242&quot;:[8226],&quot;469777803&quot;:&quot;left&quot;,&quot;469777804&quot;:&quot;\u2022&quot;,&quot;469777815&quot;:&quot;hybridMultilevel&quot;}\" aria-setsize=\"-1\" data-aria-posinset=\"5\" data-aria-level=\"1\"><span data-contrast=\"auto\">Un precio altamente competitivo, a partir de tan solo 129\u20ac.<\/span><span data-ccp-props=\"{&quot;335559685&quot;:0,&quot;335559731&quot;:0}\">\u00a0<\/span><\/li>\n<\/ul>\n<p><span data-ccp-props=\"{}\">\u00a0<\/span><\/p>\n<p><span data-contrast=\"auto\">La presentaci\u00f3n de la serie Amazfit Active representa una firme apuesta por parte de la marca en el mercado espa\u00f1ol. Amazfit ha experimentado un crecimiento notable en Espa\u00f1a en los \u00faltimos a\u00f1os y la serie Active es un claro testimonio de esta tendencia ascendente.<\/span><span data-ccp-props=\"{}\">\u00a0<\/span><\/p>\n<p><span data-ccp-props=\"{}\">\u00a0<\/span><\/p>\n<p><span data-contrast=\"auto\">Adem\u00e1s de la revelaci\u00f3n de estos innovadores dispositivos, el evento tambi\u00e9n incluy\u00f3 una emocionante actividad deportiva para los asistentes, brindando una experiencia c<\/span><\/p>\n","protected":false},"excerpt":{"rendered":"<p>Amazfit, la marca global de Zepp Health, ha presentado hoy en Madrid su \u00faltima serie de smartwatches: Amazfit Active. El evento, organizado por la agencia de comunicaci\u00f3n IMAGINA, ha contado con la asistencia de un gran n\u00famero de periodistas especializados en tecnolog\u00eda y lifestyle.\u00a0 \u00a0 La serie Amazfit Active llega a Espa\u00f1a para revolucionar el &#8230; <a title=\"Amazfit presenta su nueva serie Active en un evento para periodistas organizado por IMAGINA\" class=\"read-more\" href=\"https:\/\/imaginadigital.com\/en\/blog\/amazfit-presenta-su-nueva-serie-active-en-un-evento-para-periodistas-organizado-por-imagina\/\" aria-label=\"Read more about Amazfit presenta su nueva serie Active en un evento para periodistas organizado por IMAGINA\">Read more<\/a><\/p>\n","protected":false},"author":4,"featured_media":21170,"comment_status":"closed","ping_status":"closed","sticky":false,"template":"","format":"standard","meta":{"_acf_changed":false,"content-type":"","inline_featured_image":false,"footnotes":""},"categories":[8],"tags":[],"class_list":["post-21169","post","type-post","status-publish","format-standard","has-post-thumbnail","hentry","category-blog"],"acf":[],"yoast_head":"<!-- This site is optimized with the Yoast SEO plugin v27.4 - https:\/\/yoast.com\/product\/yoast-seo-wordpress\/ -->\n<title>Amazfit presenta su nueva serie Active en un evento para periodistas organizado por IMAGINA - IMAGINA Agencia de Marketing Digital<\/title>\n<meta name=\"robots\" content=\"index, follow, max-snippet:-1, max-image-preview:large, max-video-preview:-1\" \/>\n<link rel=\"canonical\" href=\"https:\/\/imaginadigital.com\/en\/blog\/amazfit-presenta-su-nueva-serie-active-en-un-evento-para-periodistas-organizado-por-imagina\/\" \/>\n<meta property=\"og:locale\" content=\"en_US\" \/>\n<meta property=\"og:type\" content=\"article\" \/>\n<meta property=\"og:title\" content=\"Amazfit presenta su nueva serie Active en un evento para periodistas organizado por IMAGINA - IMAGINA Agencia de Marketing Digital\" \/>\n<meta property=\"og:description\" content=\"Amazfit, la marca global de Zepp Health, ha presentado hoy en Madrid su \u00faltima serie de smartwatches: Amazfit Active. El evento, organizado por la agencia de comunicaci\u00f3n IMAGINA, ha contado con la asistencia de un gran n\u00famero de periodistas especializados en tecnolog\u00eda y lifestyle.\u00a0 \u00a0 La serie Amazfit Active llega a Espa\u00f1a para revolucionar el ... Read more\" \/>\n<meta property=\"og:url\" content=\"https:\/\/imaginadigital.com\/en\/blog\/amazfit-presenta-su-nueva-serie-active-en-un-evento-para-periodistas-organizado-por-imagina\/\" \/>\n<meta property=\"og:site_name\" content=\"IMAGINA Agencia de Marketing Digital\" \/>\n<meta property=\"article:published_time\" content=\"2023-12-20T07:39:26+00:00\" \/>\n<meta property=\"article:modified_time\" content=\"2024-03-05T07:39:45+00:00\" \/>\n<meta property=\"og:image\" content=\"https:\/\/imaginadigital.com\/wp-content\/uploads\/2024\/03\/20231108-094801.jpeg\" \/>\n\t<meta property=\"og:image:width\" content=\"1616\" \/>\n\t<meta property=\"og:image:height\" content=\"1080\" \/>\n\t<meta property=\"og:image:type\" content=\"image\/jpeg\" \/>\n<meta name=\"author\" content=\"Carolina\" \/>\n<meta name=\"twitter:card\" content=\"summary_large_image\" \/>\n<meta name=\"twitter:label1\" content=\"Written by\" \/>\n\t<meta name=\"twitter:data1\" content=\"Carolina\" \/>\n\t<meta name=\"twitter:label2\" content=\"Est. reading time\" \/>\n\t<meta name=\"twitter:data2\" content=\"1 minute\" \/>\n<script type=\"application\/ld+json\" class=\"yoast-schema-graph\">{\"@context\":\"https:\\\/\\\/schema.org\",\"@graph\":[{\"@type\":\"Article\",\"@id\":\"https:\\\/\\\/imaginadigital.com\\\/en\\\/blog\\\/amazfit-presenta-su-nueva-serie-active-en-un-evento-para-periodistas-organizado-por-imagina\\\/#article\",\"isPartOf\":{\"@id\":\"https:\\\/\\\/imaginadigital.com\\\/en\\\/blog\\\/amazfit-presenta-su-nueva-serie-active-en-un-evento-para-periodistas-organizado-por-imagina\\\/\"},\"author\":{\"name\":\"Carolina\",\"@id\":\"https:\\\/\\\/imaginadigital.com\\\/en\\\/#\\\/schema\\\/person\\\/43001924663404f5ee9bb53886ab8570\"},\"headline\":\"Amazfit presenta su nueva serie Active en un evento para periodistas organizado por IMAGINA\",\"datePublished\":\"2023-12-20T07:39:26+00:00\",\"dateModified\":\"2024-03-05T07:39:45+00:00\",\"mainEntityOfPage\":{\"@id\":\"https:\\\/\\\/imaginadigital.com\\\/en\\\/blog\\\/amazfit-presenta-su-nueva-serie-active-en-un-evento-para-periodistas-organizado-por-imagina\\\/\"},\"wordCount\":278,\"publisher\":{\"@id\":\"https:\\\/\\\/imaginadigital.com\\\/en\\\/#organization\"},\"image\":{\"@id\":\"https:\\\/\\\/imaginadigital.com\\\/en\\\/blog\\\/amazfit-presenta-su-nueva-serie-active-en-un-evento-para-periodistas-organizado-por-imagina\\\/#primaryimage\"},\"thumbnailUrl\":\"https:\\\/\\\/imaginadigital.com\\\/wp-content\\\/uploads\\\/2024\\\/03\\\/20231108-094801.jpeg\",\"articleSection\":[\"Blog\"],\"inLanguage\":\"en-US\"},{\"@type\":\"WebPage\",\"@id\":\"https:\\\/\\\/imaginadigital.com\\\/en\\\/blog\\\/amazfit-presenta-su-nueva-serie-active-en-un-evento-para-periodistas-organizado-por-imagina\\\/\",\"url\":\"https:\\\/\\\/imaginadigital.com\\\/en\\\/blog\\\/amazfit-presenta-su-nueva-serie-active-en-un-evento-para-periodistas-organizado-por-imagina\\\/\",\"name\":\"Amazfit presenta su nueva serie Active en un evento para periodistas organizado por IMAGINA - IMAGINA Agencia de Marketing Digital\",\"isPartOf\":{\"@id\":\"https:\\\/\\\/imaginadigital.com\\\/en\\\/#website\"},\"primaryImageOfPage\":{\"@id\":\"https:\\\/\\\/imaginadigital.com\\\/en\\\/blog\\\/amazfit-presenta-su-nueva-serie-active-en-un-evento-para-periodistas-organizado-por-imagina\\\/#primaryimage\"},\"image\":{\"@id\":\"https:\\\/\\\/imaginadigital.com\\\/en\\\/blog\\\/amazfit-presenta-su-nueva-serie-active-en-un-evento-para-periodistas-organizado-por-imagina\\\/#primaryimage\"},\"thumbnailUrl\":\"https:\\\/\\\/imaginadigital.com\\\/wp-content\\\/uploads\\\/2024\\\/03\\\/20231108-094801.jpeg\",\"datePublished\":\"2023-12-20T07:39:26+00:00\",\"dateModified\":\"2024-03-05T07:39:45+00:00\",\"breadcrumb\":{\"@id\":\"https:\\\/\\\/imaginadigital.com\\\/en\\\/blog\\\/amazfit-presenta-su-nueva-serie-active-en-un-evento-para-periodistas-organizado-por-imagina\\\/#breadcrumb\"},\"inLanguage\":\"en-US\",\"potentialAction\":[{\"@type\":\"ReadAction\",\"target\":[\"https:\\\/\\\/imaginadigital.com\\\/en\\\/blog\\\/amazfit-presenta-su-nueva-serie-active-en-un-evento-para-periodistas-organizado-por-imagina\\\/\"]}]},{\"@type\":\"ImageObject\",\"inLanguage\":\"en-US\",\"@id\":\"https:\\\/\\\/imaginadigital.com\\\/en\\\/blog\\\/amazfit-presenta-su-nueva-serie-active-en-un-evento-para-periodistas-organizado-por-imagina\\\/#primaryimage\",\"url\":\"https:\\\/\\\/imaginadigital.com\\\/wp-content\\\/uploads\\\/2024\\\/03\\\/20231108-094801.jpeg\",\"contentUrl\":\"https:\\\/\\\/imaginadigital.com\\\/wp-content\\\/uploads\\\/2024\\\/03\\\/20231108-094801.jpeg\",\"width\":1616,\"height\":1080},{\"@type\":\"BreadcrumbList\",\"@id\":\"https:\\\/\\\/imaginadigital.com\\\/en\\\/blog\\\/amazfit-presenta-su-nueva-serie-active-en-un-evento-para-periodistas-organizado-por-imagina\\\/#breadcrumb\",\"itemListElement\":[{\"@type\":\"ListItem\",\"position\":1,\"name\":\"Portada\",\"item\":\"https:\\\/\\\/imaginadigital.com\\\/en\\\/\"},{\"@type\":\"ListItem\",\"position\":2,\"name\":\"Amazfit presenta su nueva serie Active en un evento para periodistas organizado por IMAGINA\"}]},{\"@type\":\"WebSite\",\"@id\":\"https:\\\/\\\/imaginadigital.com\\\/en\\\/#website\",\"url\":\"https:\\\/\\\/imaginadigital.com\\\/en\\\/\",\"name\":\"IMAGINA Agencia de Marketing Digital\",\"description\":\"Somos IMAGINA, la agencia de Social Media y marketing digital l\u00edder en Espa\u00f1a. Un equipo con 10 a\u00f1os de experiencia y 300 casos de \u00e9xito. Queremos ser tu partner en redes sociales\",\"publisher\":{\"@id\":\"https:\\\/\\\/imaginadigital.com\\\/en\\\/#organization\"},\"potentialAction\":[{\"@type\":\"SearchAction\",\"target\":{\"@type\":\"EntryPoint\",\"urlTemplate\":\"https:\\\/\\\/imaginadigital.com\\\/en\\\/?s={search_term_string}\"},\"query-input\":{\"@type\":\"PropertyValueSpecification\",\"valueRequired\":true,\"valueName\":\"search_term_string\"}}],\"inLanguage\":\"en-US\"},{\"@type\":\"Organization\",\"@id\":\"https:\\\/\\\/imaginadigital.com\\\/en\\\/#organization\",\"name\":\"IMAGINA Agencia de Marketing Digital\",\"url\":\"https:\\\/\\\/imaginadigital.com\\\/en\\\/\",\"logo\":{\"@type\":\"ImageObject\",\"inLanguage\":\"en-US\",\"@id\":\"https:\\\/\\\/imaginadigital.com\\\/en\\\/#\\\/schema\\\/logo\\\/image\\\/\",\"url\":\"https:\\\/\\\/imaginadigital.com\\\/wp-content\\\/uploads\\\/2024\\\/11\\\/cropped-LOGO_NEW_IMAGINA.png\",\"contentUrl\":\"https:\\\/\\\/imaginadigital.com\\\/wp-content\\\/uploads\\\/2024\\\/11\\\/cropped-LOGO_NEW_IMAGINA.png\",\"width\":280,\"height\":56,\"caption\":\"IMAGINA Agencia de Marketing Digital\"},\"image\":{\"@id\":\"https:\\\/\\\/imaginadigital.com\\\/en\\\/#\\\/schema\\\/logo\\\/image\\\/\"}},{\"@type\":\"Person\",\"@id\":\"https:\\\/\\\/imaginadigital.com\\\/en\\\/#\\\/schema\\\/person\\\/43001924663404f5ee9bb53886ab8570\",\"name\":\"Carolina\",\"url\":\"https:\\\/\\\/imaginadigital.com\\\/en\\\/author\\\/analytics\\\/\"}]}<\/script>\n<!-- \/ Yoast SEO plugin. -->","yoast_head_json":{"title":"Amazfit presenta su nueva serie Active en un evento para periodistas organizado por IMAGINA - IMAGINA Agencia de Marketing Digital","robots":{"index":"index","follow":"follow","max-snippet":"max-snippet:-1","max-image-preview":"max-image-preview:large","max-video-preview":"max-video-preview:-1"},"canonical":"https:\/\/imaginadigital.com\/en\/blog\/amazfit-presenta-su-nueva-serie-active-en-un-evento-para-periodistas-organizado-por-imagina\/","og_locale":"en_US","og_type":"article","og_title":"Amazfit presenta su nueva serie Active en un evento para periodistas organizado por IMAGINA - IMAGINA Agencia de Marketing Digital","og_description":"Amazfit, la marca global de Zepp Health, ha presentado hoy en Madrid su \u00faltima serie de smartwatches: Amazfit Active. El evento, organizado por la agencia de comunicaci\u00f3n IMAGINA, ha contado con la asistencia de un gran n\u00famero de periodistas especializados en tecnolog\u00eda y lifestyle.\u00a0 \u00a0 La serie Amazfit Active llega a Espa\u00f1a para revolucionar el ... Read more","og_url":"https:\/\/imaginadigital.com\/en\/blog\/amazfit-presenta-su-nueva-serie-active-en-un-evento-para-periodistas-organizado-por-imagina\/","og_site_name":"IMAGINA Agencia de Marketing Digital","article_published_time":"2023-12-20T07:39:26+00:00","article_modified_time":"2024-03-05T07:39:45+00:00","og_image":[{"width":1616,"height":1080,"url":"https:\/\/imaginadigital.com\/wp-content\/uploads\/2024\/03\/20231108-094801.jpeg","type":"image\/jpeg"}],"author":"Carolina","twitter_card":"summary_large_image","twitter_misc":{"Written by":"Carolina","Est. reading time":"1 minute"},"schema":{"@context":"https:\/\/schema.org","@graph":[{"@type":"Article","@id":"https:\/\/imaginadigital.com\/en\/blog\/amazfit-presenta-su-nueva-serie-active-en-un-evento-para-periodistas-organizado-por-imagina\/#article","isPartOf":{"@id":"https:\/\/imaginadigital.com\/en\/blog\/amazfit-presenta-su-nueva-serie-active-en-un-evento-para-periodistas-organizado-por-imagina\/"},"author":{"name":"Carolina","@id":"https:\/\/imaginadigital.com\/en\/#\/schema\/person\/43001924663404f5ee9bb53886ab8570"},"headline":"Amazfit presenta su nueva serie Active en un evento para periodistas organizado por IMAGINA","datePublished":"2023-12-20T07:39:26+00:00","dateModified":"2024-03-05T07:39:45+00:00","mainEntityOfPage":{"@id":"https:\/\/imaginadigital.com\/en\/blog\/amazfit-presenta-su-nueva-serie-active-en-un-evento-para-periodistas-organizado-por-imagina\/"},"wordCount":278,"publisher":{"@id":"https:\/\/imaginadigital.com\/en\/#organization"},"image":{"@id":"https:\/\/imaginadigital.com\/en\/blog\/amazfit-presenta-su-nueva-serie-active-en-un-evento-para-periodistas-organizado-por-imagina\/#primaryimage"},"thumbnailUrl":"https:\/\/imaginadigital.com\/wp-content\/uploads\/2024\/03\/20231108-094801.jpeg","articleSection":["Blog"],"inLanguage":"en-US"},{"@type":"WebPage","@id":"https:\/\/imaginadigital.com\/en\/blog\/amazfit-presenta-su-nueva-serie-active-en-un-evento-para-periodistas-organizado-por-imagina\/","url":"https:\/\/imaginadigital.com\/en\/blog\/amazfit-presenta-su-nueva-serie-active-en-un-evento-para-periodistas-organizado-por-imagina\/","name":"Amazfit presenta su nueva serie Active en un evento para periodistas organizado por IMAGINA - IMAGINA Agencia de Marketing Digital","isPartOf":{"@id":"https:\/\/imaginadigital.com\/en\/#website"},"primaryImageOfPage":{"@id":"https:\/\/imaginadigital.com\/en\/blog\/amazfit-presenta-su-nueva-serie-active-en-un-evento-para-periodistas-organizado-por-imagina\/#primaryimage"},"image":{"@id":"https:\/\/imaginadigital.com\/en\/blog\/amazfit-presenta-su-nueva-serie-active-en-un-evento-para-periodistas-organizado-por-imagina\/#primaryimage"},"thumbnailUrl":"https:\/\/imaginadigital.com\/wp-content\/uploads\/2024\/03\/20231108-094801.jpeg","datePublished":"2023-12-20T07:39:26+00:00","dateModified":"2024-03-05T07:39:45+00:00","breadcrumb":{"@id":"https:\/\/imaginadigital.com\/en\/blog\/amazfit-presenta-su-nueva-serie-active-en-un-evento-para-periodistas-organizado-por-imagina\/#breadcrumb"},"inLanguage":"en-US","potentialAction":[{"@type":"ReadAction","target":["https:\/\/imaginadigital.com\/en\/blog\/amazfit-presenta-su-nueva-serie-active-en-un-evento-para-periodistas-organizado-por-imagina\/"]}]},{"@type":"ImageObject","inLanguage":"en-US","@id":"https:\/\/imaginadigital.com\/en\/blog\/amazfit-presenta-su-nueva-serie-active-en-un-evento-para-periodistas-organizado-por-imagina\/#primaryimage","url":"https:\/\/imaginadigital.com\/wp-content\/uploads\/2024\/03\/20231108-094801.jpeg","contentUrl":"https:\/\/imaginadigital.com\/wp-content\/uploads\/2024\/03\/20231108-094801.jpeg","width":1616,"height":1080},{"@type":"BreadcrumbList","@id":"https:\/\/imaginadigital.com\/en\/blog\/amazfit-presenta-su-nueva-serie-active-en-un-evento-para-periodistas-organizado-por-imagina\/#breadcrumb","itemListElement":[{"@type":"ListItem","position":1,"name":"Portada","item":"https:\/\/imaginadigital.com\/en\/"},{"@type":"ListItem","position":2,"name":"Amazfit presenta su nueva serie Active en un evento para periodistas organizado por IMAGINA"}]},{"@type":"WebSite","@id":"https:\/\/imaginadigital.com\/en\/#website","url":"https:\/\/imaginadigital.com\/en\/","name":"IMAGINA Agencia de Marketing Digital","description":"Somos IMAGINA, la agencia de Social Media y marketing digital l\u00edder en Espa\u00f1a. Un equipo con 10 a\u00f1os de experiencia y 300 casos de \u00e9xito. Queremos ser tu partner en redes sociales","publisher":{"@id":"https:\/\/imaginadigital.com\/en\/#organization"},"potentialAction":[{"@type":"SearchAction","target":{"@type":"EntryPoint","urlTemplate":"https:\/\/imaginadigital.com\/en\/?s={search_term_string}"},"query-input":{"@type":"PropertyValueSpecification","valueRequired":true,"valueName":"search_term_string"}}],"inLanguage":"en-US"},{"@type":"Organization","@id":"https:\/\/imaginadigital.com\/en\/#organization","name":"IMAGINA Agencia de Marketing Digital","url":"https:\/\/imaginadigital.com\/en\/","logo":{"@type":"ImageObject","inLanguage":"en-US","@id":"https:\/\/imaginadigital.com\/en\/#\/schema\/logo\/image\/","url":"https:\/\/imaginadigital.com\/wp-content\/uploads\/2024\/11\/cropped-LOGO_NEW_IMAGINA.png","contentUrl":"https:\/\/imaginadigital.com\/wp-content\/uploads\/2024\/11\/cropped-LOGO_NEW_IMAGINA.png","width":280,"height":56,"caption":"IMAGINA Agencia de Marketing Digital"},"image":{"@id":"https:\/\/imaginadigital.com\/en\/#\/schema\/logo\/image\/"}},{"@type":"Person","@id":"https:\/\/imaginadigital.com\/en\/#\/schema\/person\/43001924663404f5ee9bb53886ab8570","name":"Carolina","url":"https:\/\/imaginadigital.com\/en\/author\/analytics\/"}]}},"_links":{"self":[{"href":"https:\/\/imaginadigital.com\/en\/wp-json\/wp\/v2\/posts\/21169","targetHints":{"allow":["GET"]}}],"collection":[{"href":"https:\/\/imaginadigital.com\/en\/wp-json\/wp\/v2\/posts"}],"about":[{"href":"https:\/\/imaginadigital.com\/en\/wp-json\/wp\/v2\/types\/post"}],"author":[{"embeddable":true,"href":"https:\/\/imaginadigital.com\/en\/wp-json\/wp\/v2\/users\/4"}],"replies":[{"embeddable":true,"href":"https:\/\/imaginadigital.com\/en\/wp-json\/wp\/v2\/comments?post=21169"}],"version-history":[{"count":0,"href":"https:\/\/imaginadigital.com\/en\/wp-json\/wp\/v2\/posts\/21169\/revisions"}],"wp:featuredmedia":[{"embeddable":true,"href":"https:\/\/imaginadigital.com\/en\/wp-json\/wp\/v2\/media\/21170"}],"wp:attachment":[{"href":"https:\/\/imaginadigital.com\/en\/wp-json\/wp\/v2\/media?parent=21169"}],"wp:term":[{"taxonomy":"category","embeddable":true,"href":"https:\/\/imaginadigital.com\/en\/wp-json\/wp\/v2\/categories?post=21169"},{"taxonomy":"post_tag","embeddable":true,"href":"https:\/\/imaginadigital.com\/en\/wp-json\/wp\/v2\/tags?post=21169"}],"curies":[{"name":"wp","href":"https:\/\/api.w.org\/{rel}","templated":true}]}}