{"id":22417,"date":"2024-08-08T13:15:32","date_gmt":"2024-08-08T11:15:32","guid":{"rendered":"https:\/\/imaginadigital.com\/?p=22417"},"modified":"2024-08-08T13:53:06","modified_gmt":"2024-08-08T11:53:06","slug":"arranca-la-campana-autoocupacio-jove-para-jovenes-emprendedores-y-autonomos-impulsada-por-la-agencia-imagina","status":"publish","type":"post","link":"https:\/\/imaginadigital.com\/en\/blog\/arranca-la-campana-autoocupacio-jove-para-jovenes-emprendedores-y-autonomos-impulsada-por-la-agencia-imagina\/","title":{"rendered":"Arranca la campa\u00f1a &#8220;Autoocupaci\u00f3 Jove&#8221; para j\u00f3venes emprendedores y aut\u00f3nomos, impulsada por la Agencia IMAGINA"},"content":{"rendered":"\t\t<div data-elementor-type=\"wp-post\" data-elementor-id=\"22417\" class=\"elementor elementor-22417\" data-elementor-post-type=\"post\">\n\t\t\t\t\t\t<section class=\"elementor-section elementor-top-section elementor-element elementor-element-7fd8e0b elementor-section-boxed elementor-section-height-default elementor-section-height-default\" data-id=\"7fd8e0b\" data-element_type=\"section\" data-e-type=\"section\">\n\t\t\t\t\t\t<div class=\"elementor-container elementor-column-gap-default\">\n\t\t\t\t\t<div class=\"elementor-column elementor-col-100 elementor-top-column elementor-element elementor-element-cc6ae44\" data-id=\"cc6ae44\" data-element_type=\"column\" data-e-type=\"column\">\n\t\t\t<div class=\"elementor-widget-wrap elementor-element-populated\">\n\t\t\t\t\t\t<div class=\"elementor-element elementor-element-0355185 elementor-widget elementor-widget-author-box\" data-id=\"0355185\" data-element_type=\"widget\" data-e-type=\"widget\" data-widget_type=\"author-box.default\">\n\t\t\t\t\t\t\t<div class=\"elementor-author-box\">\n\t\t\t\t\t\t\t<div  class=\"elementor-author-box__avatar\">\n\t\t\t\t\t<img decoding=\"async\" src=\"https:\/\/imaginadigital.com\/wp-content\/uploads\/2024\/06\/\u00bfPuede-el-Team-Building-mejorar-las-relaciones-empresariales-En-IMAGINA-creemos-que-si-300x300.png\" alt=\"Picture of Agencia IMAGINA\" loading=\"lazy\">\n\t\t\t\t<\/div>\n\t\t\t\n\t\t\t<div class=\"elementor-author-box__text\">\n\t\t\t\t\t\t\t\t\t<div >\n\t\t\t\t\t\t<h4 class=\"elementor-author-box__name\">\n\t\t\t\t\t\t\tAgencia IMAGINA\t\t\t\t\t\t<\/h4>\n\t\t\t\t\t<\/div>\n\t\t\t\t\n\t\t\t\t\n\t\t\t\t\t\t\t<\/div>\n\t\t<\/div>\n\t\t\t\t\t\t<\/div>\n\t\t\t\t<div class=\"elementor-element elementor-element-66d4123 elementor-widget elementor-widget-image\" data-id=\"66d4123\" data-element_type=\"widget\" data-e-type=\"widget\" data-widget_type=\"image.default\">\n\t\t\t\t\t\t\t\t\t\t\t\t<figure class=\"wp-caption\">\n\t\t\t\t\t\t\t\t\t\t<img fetchpriority=\"high\" decoding=\"async\" width=\"1620\" height=\"1080\" src=\"https:\/\/imaginadigital.com\/wp-content\/uploads\/2024\/08\/Diseno-sin-titulo-16.png\" class=\"attachment-full size-full wp-image-22431\" alt=\"\" srcset=\"https:\/\/imaginadigital.com\/wp-content\/uploads\/2024\/08\/Diseno-sin-titulo-16.png 1620w, https:\/\/imaginadigital.com\/wp-content\/uploads\/2024\/08\/Diseno-sin-titulo-16-300x200.png 300w, https:\/\/imaginadigital.com\/wp-content\/uploads\/2024\/08\/Diseno-sin-titulo-16-1024x683.png 1024w, https:\/\/imaginadigital.com\/wp-content\/uploads\/2024\/08\/Diseno-sin-titulo-16-768x512.png 768w, https:\/\/imaginadigital.com\/wp-content\/uploads\/2024\/08\/Diseno-sin-titulo-16-1536x1024.png 1536w\" sizes=\"(max-width: 1620px) 100vw, 1620px\" \/>\t\t\t\t\t\t\t\t\t\t\t<figcaption class=\"widget-image-caption wp-caption-text\">Creatividad de la campa\u00f1a \"Autoocupaci\u00f3 Jove\"  ideada por la Agencia IMAGINA<\/figcaption>\n\t\t\t\t\t\t\t\t\t\t<\/figure>\n\t\t\t\t\t\t\t\t\t<\/div>\n\t\t\t\t<div class=\"elementor-element elementor-element-e9024b2 elementor-widget elementor-widget-text-editor\" data-id=\"e9024b2\" data-element_type=\"widget\" data-e-type=\"widget\" data-widget_type=\"text-editor.default\">\n\t\t\t\t\t\t\t\t\t<p><i><span data-contrast=\"none\">El Departament d\u2019Empresa i Treball de la Generalitat de Catalunya anuncia el lanzamiento de estas subvenciones a trav\u00e9s de una comunicaci\u00f3n 360\u00ba elaborada por la Agencia IMAGINA.<\/span><\/i><span data-ccp-props=\"{&quot;201341983&quot;:0,&quot;335551550&quot;:6,&quot;335551620&quot;:6,&quot;335559739&quot;:160,&quot;335559740&quot;:279}\">&nbsp;<\/span><\/p>\n<p><span data-contrast=\"auto\">Cada a\u00f1o, miles de personas j\u00f3venes inician su trayectoria como aut\u00f3nomas para poner en marcha sus ideas de negocio. En este 2024, <\/span><b><span data-contrast=\"auto\">el Departament d\u2019Empresa i Treball de la Generalitat de Catalunya ha destinado 13 millones de euros<\/span><\/b><span data-contrast=\"auto\"> en esta iniciativa que apoya a este colectivo en el desarrollo y sostenibilidad de sus proyectos empresariales, con los principales objetivos de <\/span><b><span data-contrast=\"auto\">fomentar el autoempleo juvenil<\/span><\/b><span data-contrast=\"auto\"> y <\/span><b><span data-contrast=\"auto\">reducir la tasa de desempleo<\/span><\/b><span data-contrast=\"auto\">.<\/span><span data-ccp-props=\"{&quot;134233117&quot;:false,&quot;134233118&quot;:false,&quot;201341983&quot;:0,&quot;335551550&quot;:6,&quot;335551620&quot;:6,&quot;335559685&quot;:0,&quot;335559737&quot;:0,&quot;335559738&quot;:0,&quot;335559739&quot;:160,&quot;335559740&quot;:279}\">&nbsp;<\/span><\/p>\n<p><b><span data-contrast=\"auto\">Colaboraci\u00f3n con la Agencia IMAGINA<\/span><\/b><span data-ccp-props=\"{&quot;134233117&quot;:false,&quot;134233118&quot;:false,&quot;201341983&quot;:0,&quot;335551550&quot;:6,&quot;335551620&quot;:6,&quot;335559685&quot;:0,&quot;335559737&quot;:0,&quot;335559738&quot;:0,&quot;335559739&quot;:160,&quot;335559740&quot;:279}\">&nbsp;<\/span><\/p>\n<p><span data-contrast=\"none\">Para asegurar que la informaci\u00f3n sobre estas subvenciones llegue de manera efectiva a su p\u00fablico objetivo, <\/span><b><span data-contrast=\"none\">el Departament d\u2019Empresa i Treball ha confiado en la Agencia IMAGINA<\/span><\/b><span data-contrast=\"none\">. <\/span><span data-ccp-props=\"{&quot;201341983&quot;:0,&quot;335551550&quot;:6,&quot;335551620&quot;:6,&quot;335559738&quot;:240,&quot;335559739&quot;:240,&quot;335559740&quot;:279}\">&nbsp;<\/span><\/p>\n<p><span data-contrast=\"none\">La agencia, especializada en <\/span><b><span data-contrast=\"none\">estrategias de marketing digital y creaci\u00f3n de contenido<\/span><\/b><span data-contrast=\"none\">, ha desarrollado las siguientes tareas:\u202f<\/span><span data-ccp-props=\"{&quot;201341983&quot;:0,&quot;335551550&quot;:6,&quot;335551620&quot;:6,&quot;335559738&quot;:240,&quot;335559739&quot;:240,&quot;335559740&quot;:279}\">&nbsp;<\/span><\/p>\n<ul>\n<li data-leveltext=\"\uf0b7\" data-font=\"Symbol\" data-listid=\"1\" data-list-defn-props=\"{&quot;335552541&quot;:1,&quot;335559683&quot;:0,&quot;335559684&quot;:-2,&quot;335559685&quot;:720,&quot;335559991&quot;:360,&quot;469769226&quot;:&quot;Symbol&quot;,&quot;469769242&quot;:[8226],&quot;469777803&quot;:&quot;left&quot;,&quot;469777804&quot;:&quot;\uf0b7&quot;,&quot;469777815&quot;:&quot;multilevel&quot;}\" aria-setsize=\"-1\" data-aria-posinset=\"1\" data-aria-level=\"1\"><b><span data-contrast=\"none\">Dise\u00f1o y Creaci\u00f3n de Piezas Gr\u00e1ficas: <\/span><\/b><span data-contrast=\"none\">Desarrollo de piezas m\u00e1steres gr\u00e1ficas adaptadas tanto para comunicaci\u00f3n <\/span><i><span data-contrast=\"none\">online<\/span><\/i><span data-contrast=\"none\"> como <\/span><i><span data-contrast=\"none\">offline<\/span><\/i><span data-contrast=\"none\">, garantizando una presencia coherente y atractiva en m\u00faltiples plataformas.<\/span><span data-ccp-props=\"{&quot;134233117&quot;:false,&quot;134233118&quot;:false,&quot;134233279&quot;:false,&quot;201341983&quot;:0,&quot;335551550&quot;:6,&quot;335551620&quot;:6,&quot;335559738&quot;:240,&quot;335559739&quot;:240,&quot;335559740&quot;:279}\">&nbsp;<\/span><\/li>\n<\/ul>\n<ul>\n<li data-leveltext=\"\uf0b7\" data-font=\"Symbol\" data-listid=\"1\" data-list-defn-props=\"{&quot;335552541&quot;:1,&quot;335559683&quot;:0,&quot;335559684&quot;:-2,&quot;335559685&quot;:720,&quot;335559991&quot;:360,&quot;469769226&quot;:&quot;Symbol&quot;,&quot;469769242&quot;:[8226],&quot;469777803&quot;:&quot;left&quot;,&quot;469777804&quot;:&quot;\uf0b7&quot;,&quot;469777815&quot;:&quot;multilevel&quot;}\" aria-setsize=\"-1\" data-aria-posinset=\"2\" data-aria-level=\"1\"><b><span data-contrast=\"auto\">Producci\u00f3n Audiovisual:<\/span><\/b><span data-contrast=\"auto\"> Creaci\u00f3n de dos piezas audiovisuales testimoniales, cada una de aproximadamente un minuto de duraci\u00f3n. Estas piezas, cuidadosamente guionizadas y editadas, cuentan con <\/span><i><span data-contrast=\"auto\">chyrons<\/span><\/i><span data-contrast=\"auto\"> y subt\u00edtulos para mayor accesibilidad.<\/span><span data-ccp-props=\"{&quot;134233117&quot;:false,&quot;134233118&quot;:false,&quot;134233279&quot;:false,&quot;201341983&quot;:0,&quot;335551550&quot;:6,&quot;335551620&quot;:6,&quot;335559738&quot;:240,&quot;335559739&quot;:240,&quot;335559740&quot;:279}\">&nbsp;<\/span><\/li>\n<\/ul>\n<ul>\n<li data-leveltext=\"\uf0b7\" data-font=\"Symbol\" data-listid=\"1\" data-list-defn-props=\"{&quot;335552541&quot;:1,&quot;335559683&quot;:0,&quot;335559684&quot;:-2,&quot;335559685&quot;:720,&quot;335559991&quot;:360,&quot;469769226&quot;:&quot;Symbol&quot;,&quot;469769242&quot;:[8226],&quot;469777803&quot;:&quot;left&quot;,&quot;469777804&quot;:&quot;\uf0b7&quot;,&quot;469777815&quot;:&quot;multilevel&quot;}\" aria-setsize=\"-1\" data-aria-posinset=\"3\" data-aria-level=\"1\"><b><span data-contrast=\"auto\">Reel para Instagram: <\/span><\/b><span data-contrast=\"auto\">Producci\u00f3n de un Reel que presenta entrevistas reales realizadas en las calles de Barcelona, bajo la conducci\u00f3n de un <\/span><i><span data-contrast=\"auto\">host<\/span><\/i><span data-contrast=\"auto\"> con amplia experiencia en comunicaci\u00f3n.<\/span><span data-ccp-props=\"{&quot;134233117&quot;:false,&quot;134233118&quot;:false,&quot;134233279&quot;:false,&quot;201341983&quot;:0,&quot;335551550&quot;:6,&quot;335551620&quot;:6,&quot;335559738&quot;:240,&quot;335559739&quot;:240,&quot;335559740&quot;:279}\">&nbsp;<\/span><\/li>\n<\/ul>\n<ul>\n<li data-leveltext=\"\uf0b7\" data-font=\"Symbol\" data-listid=\"1\" data-list-defn-props=\"{&quot;335552541&quot;:1,&quot;335559683&quot;:0,&quot;335559684&quot;:-2,&quot;335559685&quot;:720,&quot;335559991&quot;:360,&quot;469769226&quot;:&quot;Symbol&quot;,&quot;469769242&quot;:[8226],&quot;469777803&quot;:&quot;left&quot;,&quot;469777804&quot;:&quot;\uf0b7&quot;,&quot;469777815&quot;:&quot;multilevel&quot;}\" aria-setsize=\"-1\" data-aria-posinset=\"4\" data-aria-level=\"1\"><b><span data-contrast=\"auto\">Spot Publicitario para Radio: <\/span><\/b><span data-contrast=\"auto\">Desarrollo de un spot publicitario con guion, escaleta y edici\u00f3n profesional para su difusi\u00f3n en radio, extendiendo el alcance de la campa\u00f1a a diferentes medios tradicionales.<\/span><span data-ccp-props=\"{&quot;134233117&quot;:false,&quot;134233118&quot;:false,&quot;134233279&quot;:false,&quot;201341983&quot;:0,&quot;335551550&quot;:6,&quot;335551620&quot;:6,&quot;335559738&quot;:240,&quot;335559739&quot;:240,&quot;335559740&quot;:279}\">&nbsp;<\/span><\/li>\n<\/ul>\n<ul>\n<li data-leveltext=\"\uf0b7\" data-font=\"Symbol\" data-listid=\"1\" data-list-defn-props=\"{&quot;335552541&quot;:1,&quot;335559683&quot;:0,&quot;335559684&quot;:-2,&quot;335559685&quot;:720,&quot;335559991&quot;:360,&quot;469769226&quot;:&quot;Symbol&quot;,&quot;469769242&quot;:[8226],&quot;469777803&quot;:&quot;left&quot;,&quot;469777804&quot;:&quot;\uf0b7&quot;,&quot;469777815&quot;:&quot;multilevel&quot;}\" aria-setsize=\"-1\" data-aria-posinset=\"5\" data-aria-level=\"1\"><b><span data-contrast=\"auto\">Colaboraci\u00f3n Cercana con el Cliente: <\/span><\/b><span data-contrast=\"auto\">La agencia ha mantenido una comunicaci\u00f3n continua y reuniones de seguimiento con el Departament d\u2019Empresa i Treball, asegurando la alineaci\u00f3n y participaci\u00f3n activa del cliente en cada etapa del proceso.<\/span><\/li><\/ul>\t\t\t\t\t\t\t\t<\/div>\n\t\t\t\t<div class=\"elementor-element elementor-element-dde3882 elementor-widget elementor-widget-video\" data-id=\"dde3882\" data-element_type=\"widget\" data-e-type=\"widget\" data-settings=\"{&quot;video_type&quot;:&quot;vimeo&quot;}\" data-widget_type=\"video.default\">\n\t\t\t\t\t\t\t<div class=\"elementor-wrapper elementor-open-inline\">\n\t\t\t<iframe class=\"elementor-video-iframe\" allowfullscreen allow=\"clipboard-write\" title=\"vimeo Video Player\" src=\"https:\/\/player.vimeo.com\/video\/996163871?color&amp;autopause=0&amp;loop=0&amp;muted=0&amp;title=1&amp;portrait=1&amp;byline=1#t=\"><\/iframe>\t\t<\/div>\n\t\t\t\t\t\t<\/div>\n\t\t\t\t<div class=\"elementor-element elementor-element-ed0bf39 elementor-widget elementor-widget-text-editor\" data-id=\"ed0bf39\" data-element_type=\"widget\" data-e-type=\"widget\" data-widget_type=\"text-editor.default\">\n\t\t\t\t\t\t\t\t\t<p><b><span data-contrast=\"none\">Inspirando a la juventud emprendedora<\/span><\/b><span data-ccp-props=\"{&quot;134233117&quot;:false,&quot;134233118&quot;:false,&quot;201341983&quot;:0,&quot;335551550&quot;:6,&quot;335551620&quot;:6,&quot;335559685&quot;:0,&quot;335559737&quot;:0,&quot;335559738&quot;:240,&quot;335559739&quot;:240,&quot;335559740&quot;:279}\">\u00a0<\/span><\/p><p><span data-contrast=\"none\">La campa\u00f1a de &#8220;Autoocupaci\u00f3 Jove 2024&#8221; se caracteriza por su enfoque\u00a0<\/span><b><span data-contrast=\"none\">fresco, inspiracional y emprendedor<\/span><\/b><span data-contrast=\"none\">. Bajo el potente lema\u00a0<em>&#8220;<\/em><\/span><em><b>El teu moment \u00e9s ara<\/b><\/em><span data-contrast=\"none\"><em>&#8220;<\/em>\u00a0(<em>&#8220;Tu momento es ahora&#8221;<\/em>), la campa\u00f1a\u00a0<\/span><b><span data-contrast=\"none\">busca motivar a los j\u00f3venes a perseguir sus sue\u00f1os y aprovechar las oportunidades que la Generalitat de Catalunya pone a su disposici\u00f3n<\/span><\/b><span data-contrast=\"none\">. La narrativa de la campa\u00f1a est\u00e1 dise\u00f1ada para resonar con el esp\u00edritu y aspiraciones de la juventud, promoviendo un mensaje de autoempoderamiento y optimismo.<\/span><span data-ccp-props=\"{&quot;201341983&quot;:0,&quot;335551550&quot;:6,&quot;335551620&quot;:6,&quot;335559738&quot;:240,&quot;335559739&quot;:240,&quot;335559740&quot;:279}\">\u00a0<\/span><\/p><p><span data-contrast=\"none\">Con esta iniciativa, el Departament d\u2019Empresa i Treball reafirma su compromiso con el apoyo a los j\u00f3venes emprendedores, brind\u00e1ndoles las herramientas y recursos necesarios para transformar sus ideas en realidades sostenibles y exitosas.<\/span><span data-ccp-props=\"{&quot;201341983&quot;:0,&quot;335551550&quot;:6,&quot;335551620&quot;:6,&quot;335559738&quot;:240,&quot;335559739&quot;:240,&quot;335559740&quot;:279}\">\u00a0<\/span><\/p>\t\t\t\t\t\t\t\t<\/div>\n\t\t\t\t\t<\/div>\n\t\t<\/div>\n\t\t\t\t\t<\/div>\n\t\t<\/section>\n\t\t\t\t<\/div>\n\t\t","protected":false},"excerpt":{"rendered":"<p>Creatividad de la campa\u00f1a &#8220;Autoocupaci\u00f3 Jove&#8221; ideada por la Agencia IMAGINA El Departament d\u2019Empresa i Treball de la Generalitat de Catalunya anuncia el lanzamiento de estas subvenciones a trav\u00e9s de una comunicaci\u00f3n 360\u00ba elaborada por la Agencia IMAGINA.&nbsp; Cada a\u00f1o, miles de personas j\u00f3venes inician su trayectoria como aut\u00f3nomas para poner en marcha sus ideas &#8230; <a title=\"Arranca la campa\u00f1a &#8220;Autoocupaci\u00f3 Jove&#8221; para j\u00f3venes emprendedores y aut\u00f3nomos, impulsada por la Agencia IMAGINA\" class=\"read-more\" href=\"https:\/\/imaginadigital.com\/en\/blog\/arranca-la-campana-autoocupacio-jove-para-jovenes-emprendedores-y-autonomos-impulsada-por-la-agencia-imagina\/\" aria-label=\"Read more about Arranca la campa\u00f1a &#8220;Autoocupaci\u00f3 Jove&#8221; para j\u00f3venes emprendedores y aut\u00f3nomos, impulsada por la Agencia IMAGINA\">Read more<\/a><\/p>\n","protected":false},"author":4,"featured_media":22428,"comment_status":"closed","ping_status":"closed","sticky":false,"template":"","format":"standard","meta":{"_acf_changed":false,"content-type":"","inline_featured_image":false,"footnotes":""},"categories":[8],"tags":[],"class_list":["post-22417","post","type-post","status-publish","format-standard","has-post-thumbnail","hentry","category-blog"],"acf":[],"yoast_head":"<!-- This site is optimized with the Yoast SEO plugin v27.4 - https:\/\/yoast.com\/product\/yoast-seo-wordpress\/ -->\n<title>Arranca la campa\u00f1a &quot;Autoocupaci\u00f3 Jove&quot; para j\u00f3venes emprendedores y aut\u00f3nomos, impulsada por la Agencia IMAGINA - IMAGINA Agencia de Marketing Digital<\/title>\n<meta name=\"robots\" content=\"index, follow, max-snippet:-1, max-image-preview:large, max-video-preview:-1\" \/>\n<link rel=\"canonical\" href=\"https:\/\/imaginadigital.com\/en\/blog\/arranca-la-campana-autoocupacio-jove-para-jovenes-emprendedores-y-autonomos-impulsada-por-la-agencia-imagina\/\" \/>\n<meta property=\"og:locale\" content=\"en_US\" \/>\n<meta property=\"og:type\" content=\"article\" \/>\n<meta property=\"og:title\" content=\"Arranca la campa\u00f1a &quot;Autoocupaci\u00f3 Jove&quot; para j\u00f3venes emprendedores y aut\u00f3nomos, impulsada por la Agencia IMAGINA - IMAGINA Agencia de Marketing Digital\" \/>\n<meta property=\"og:description\" content=\"Creatividad de la campa\u00f1a &#8220;Autoocupaci\u00f3 Jove&#8221; ideada por la Agencia IMAGINA El Departament d\u2019Empresa i Treball de la Generalitat de Catalunya anuncia el lanzamiento de estas subvenciones a trav\u00e9s de una comunicaci\u00f3n 360\u00ba elaborada por la Agencia IMAGINA.&nbsp; Cada a\u00f1o, miles de personas j\u00f3venes inician su trayectoria como aut\u00f3nomas para poner en marcha sus ideas ... Read more\" \/>\n<meta property=\"og:url\" content=\"https:\/\/imaginadigital.com\/en\/blog\/arranca-la-campana-autoocupacio-jove-para-jovenes-emprendedores-y-autonomos-impulsada-por-la-agencia-imagina\/\" \/>\n<meta property=\"og:site_name\" content=\"IMAGINA Agencia de Marketing Digital\" \/>\n<meta property=\"article:published_time\" content=\"2024-08-08T11:15:32+00:00\" \/>\n<meta property=\"article:modified_time\" content=\"2024-08-08T11:53:06+00:00\" \/>\n<meta property=\"og:image\" content=\"https:\/\/imaginadigital.com\/wp-content\/uploads\/2024\/08\/Diseno-sin-titulo-15.png\" \/>\n\t<meta property=\"og:image:width\" content=\"636\" \/>\n\t<meta property=\"og:image:height\" content=\"450\" \/>\n\t<meta property=\"og:image:type\" content=\"image\/png\" \/>\n<meta name=\"author\" content=\"Carolina\" \/>\n<meta name=\"twitter:card\" content=\"summary_large_image\" \/>\n<meta name=\"twitter:label1\" content=\"Written by\" \/>\n\t<meta name=\"twitter:data1\" content=\"Carolina\" \/>\n\t<meta name=\"twitter:label2\" content=\"Est. reading time\" \/>\n\t<meta name=\"twitter:data2\" content=\"2 minutes\" \/>\n<script type=\"application\/ld+json\" class=\"yoast-schema-graph\">{\"@context\":\"https:\\\/\\\/schema.org\",\"@graph\":[{\"@type\":\"Article\",\"@id\":\"https:\\\/\\\/imaginadigital.com\\\/en\\\/blog\\\/arranca-la-campana-autoocupacio-jove-para-jovenes-emprendedores-y-autonomos-impulsada-por-la-agencia-imagina\\\/#article\",\"isPartOf\":{\"@id\":\"https:\\\/\\\/imaginadigital.com\\\/en\\\/blog\\\/arranca-la-campana-autoocupacio-jove-para-jovenes-emprendedores-y-autonomos-impulsada-por-la-agencia-imagina\\\/\"},\"author\":{\"name\":\"Carolina\",\"@id\":\"https:\\\/\\\/imaginadigital.com\\\/en\\\/#\\\/schema\\\/person\\\/43001924663404f5ee9bb53886ab8570\"},\"headline\":\"Arranca la campa\u00f1a &#8220;Autoocupaci\u00f3 Jove&#8221; para j\u00f3venes emprendedores y aut\u00f3nomos, impulsada por la Agencia IMAGINA\",\"datePublished\":\"2024-08-08T11:15:32+00:00\",\"dateModified\":\"2024-08-08T11:53:06+00:00\",\"mainEntityOfPage\":{\"@id\":\"https:\\\/\\\/imaginadigital.com\\\/en\\\/blog\\\/arranca-la-campana-autoocupacio-jove-para-jovenes-emprendedores-y-autonomos-impulsada-por-la-agencia-imagina\\\/\"},\"wordCount\":493,\"publisher\":{\"@id\":\"https:\\\/\\\/imaginadigital.com\\\/en\\\/#organization\"},\"image\":{\"@id\":\"https:\\\/\\\/imaginadigital.com\\\/en\\\/blog\\\/arranca-la-campana-autoocupacio-jove-para-jovenes-emprendedores-y-autonomos-impulsada-por-la-agencia-imagina\\\/#primaryimage\"},\"thumbnailUrl\":\"https:\\\/\\\/imaginadigital.com\\\/wp-content\\\/uploads\\\/2024\\\/08\\\/Diseno-sin-titulo-15.png\",\"articleSection\":[\"Blog\"],\"inLanguage\":\"en-US\"},{\"@type\":\"WebPage\",\"@id\":\"https:\\\/\\\/imaginadigital.com\\\/en\\\/blog\\\/arranca-la-campana-autoocupacio-jove-para-jovenes-emprendedores-y-autonomos-impulsada-por-la-agencia-imagina\\\/\",\"url\":\"https:\\\/\\\/imaginadigital.com\\\/en\\\/blog\\\/arranca-la-campana-autoocupacio-jove-para-jovenes-emprendedores-y-autonomos-impulsada-por-la-agencia-imagina\\\/\",\"name\":\"Arranca la campa\u00f1a \\\"Autoocupaci\u00f3 Jove\\\" para j\u00f3venes emprendedores y aut\u00f3nomos, impulsada por la Agencia IMAGINA - IMAGINA Agencia de Marketing Digital\",\"isPartOf\":{\"@id\":\"https:\\\/\\\/imaginadigital.com\\\/en\\\/#website\"},\"primaryImageOfPage\":{\"@id\":\"https:\\\/\\\/imaginadigital.com\\\/en\\\/blog\\\/arranca-la-campana-autoocupacio-jove-para-jovenes-emprendedores-y-autonomos-impulsada-por-la-agencia-imagina\\\/#primaryimage\"},\"image\":{\"@id\":\"https:\\\/\\\/imaginadigital.com\\\/en\\\/blog\\\/arranca-la-campana-autoocupacio-jove-para-jovenes-emprendedores-y-autonomos-impulsada-por-la-agencia-imagina\\\/#primaryimage\"},\"thumbnailUrl\":\"https:\\\/\\\/imaginadigital.com\\\/wp-content\\\/uploads\\\/2024\\\/08\\\/Diseno-sin-titulo-15.png\",\"datePublished\":\"2024-08-08T11:15:32+00:00\",\"dateModified\":\"2024-08-08T11:53:06+00:00\",\"breadcrumb\":{\"@id\":\"https:\\\/\\\/imaginadigital.com\\\/en\\\/blog\\\/arranca-la-campana-autoocupacio-jove-para-jovenes-emprendedores-y-autonomos-impulsada-por-la-agencia-imagina\\\/#breadcrumb\"},\"inLanguage\":\"en-US\",\"potentialAction\":[{\"@type\":\"ReadAction\",\"target\":[\"https:\\\/\\\/imaginadigital.com\\\/en\\\/blog\\\/arranca-la-campana-autoocupacio-jove-para-jovenes-emprendedores-y-autonomos-impulsada-por-la-agencia-imagina\\\/\"]}]},{\"@type\":\"ImageObject\",\"inLanguage\":\"en-US\",\"@id\":\"https:\\\/\\\/imaginadigital.com\\\/en\\\/blog\\\/arranca-la-campana-autoocupacio-jove-para-jovenes-emprendedores-y-autonomos-impulsada-por-la-agencia-imagina\\\/#primaryimage\",\"url\":\"https:\\\/\\\/imaginadigital.com\\\/wp-content\\\/uploads\\\/2024\\\/08\\\/Diseno-sin-titulo-15.png\",\"contentUrl\":\"https:\\\/\\\/imaginadigital.com\\\/wp-content\\\/uploads\\\/2024\\\/08\\\/Diseno-sin-titulo-15.png\",\"width\":636,\"height\":450},{\"@type\":\"BreadcrumbList\",\"@id\":\"https:\\\/\\\/imaginadigital.com\\\/en\\\/blog\\\/arranca-la-campana-autoocupacio-jove-para-jovenes-emprendedores-y-autonomos-impulsada-por-la-agencia-imagina\\\/#breadcrumb\",\"itemListElement\":[{\"@type\":\"ListItem\",\"position\":1,\"name\":\"Portada\",\"item\":\"https:\\\/\\\/imaginadigital.com\\\/en\\\/\"},{\"@type\":\"ListItem\",\"position\":2,\"name\":\"Arranca la campa\u00f1a &#8220;Autoocupaci\u00f3 Jove&#8221; para j\u00f3venes emprendedores y aut\u00f3nomos, impulsada por la Agencia IMAGINA\"}]},{\"@type\":\"WebSite\",\"@id\":\"https:\\\/\\\/imaginadigital.com\\\/en\\\/#website\",\"url\":\"https:\\\/\\\/imaginadigital.com\\\/en\\\/\",\"name\":\"IMAGINA Agencia de Marketing Digital\",\"description\":\"Somos IMAGINA, la agencia de Social Media y marketing digital l\u00edder en Espa\u00f1a. Un equipo con 10 a\u00f1os de experiencia y 300 casos de \u00e9xito. Queremos ser tu partner en redes sociales\",\"publisher\":{\"@id\":\"https:\\\/\\\/imaginadigital.com\\\/en\\\/#organization\"},\"potentialAction\":[{\"@type\":\"SearchAction\",\"target\":{\"@type\":\"EntryPoint\",\"urlTemplate\":\"https:\\\/\\\/imaginadigital.com\\\/en\\\/?s={search_term_string}\"},\"query-input\":{\"@type\":\"PropertyValueSpecification\",\"valueRequired\":true,\"valueName\":\"search_term_string\"}}],\"inLanguage\":\"en-US\"},{\"@type\":\"Organization\",\"@id\":\"https:\\\/\\\/imaginadigital.com\\\/en\\\/#organization\",\"name\":\"IMAGINA Agencia de Marketing Digital\",\"url\":\"https:\\\/\\\/imaginadigital.com\\\/en\\\/\",\"logo\":{\"@type\":\"ImageObject\",\"inLanguage\":\"en-US\",\"@id\":\"https:\\\/\\\/imaginadigital.com\\\/en\\\/#\\\/schema\\\/logo\\\/image\\\/\",\"url\":\"https:\\\/\\\/imaginadigital.com\\\/wp-content\\\/uploads\\\/2024\\\/11\\\/cropped-LOGO_NEW_IMAGINA.png\",\"contentUrl\":\"https:\\\/\\\/imaginadigital.com\\\/wp-content\\\/uploads\\\/2024\\\/11\\\/cropped-LOGO_NEW_IMAGINA.png\",\"width\":280,\"height\":56,\"caption\":\"IMAGINA Agencia de Marketing Digital\"},\"image\":{\"@id\":\"https:\\\/\\\/imaginadigital.com\\\/en\\\/#\\\/schema\\\/logo\\\/image\\\/\"}},{\"@type\":\"Person\",\"@id\":\"https:\\\/\\\/imaginadigital.com\\\/en\\\/#\\\/schema\\\/person\\\/43001924663404f5ee9bb53886ab8570\",\"name\":\"Carolina\",\"url\":\"https:\\\/\\\/imaginadigital.com\\\/en\\\/author\\\/analytics\\\/\"}]}<\/script>\n<!-- \/ Yoast SEO plugin. -->","yoast_head_json":{"title":"Arranca la campa\u00f1a \"Autoocupaci\u00f3 Jove\" para j\u00f3venes emprendedores y aut\u00f3nomos, impulsada por la Agencia IMAGINA - IMAGINA Agencia de Marketing Digital","robots":{"index":"index","follow":"follow","max-snippet":"max-snippet:-1","max-image-preview":"max-image-preview:large","max-video-preview":"max-video-preview:-1"},"canonical":"https:\/\/imaginadigital.com\/en\/blog\/arranca-la-campana-autoocupacio-jove-para-jovenes-emprendedores-y-autonomos-impulsada-por-la-agencia-imagina\/","og_locale":"en_US","og_type":"article","og_title":"Arranca la campa\u00f1a \"Autoocupaci\u00f3 Jove\" para j\u00f3venes emprendedores y aut\u00f3nomos, impulsada por la Agencia IMAGINA - IMAGINA Agencia de Marketing Digital","og_description":"Creatividad de la campa\u00f1a &#8220;Autoocupaci\u00f3 Jove&#8221; ideada por la Agencia IMAGINA El Departament d\u2019Empresa i Treball de la Generalitat de Catalunya anuncia el lanzamiento de estas subvenciones a trav\u00e9s de una comunicaci\u00f3n 360\u00ba elaborada por la Agencia IMAGINA.&nbsp; Cada a\u00f1o, miles de personas j\u00f3venes inician su trayectoria como aut\u00f3nomas para poner en marcha sus ideas ... Read more","og_url":"https:\/\/imaginadigital.com\/en\/blog\/arranca-la-campana-autoocupacio-jove-para-jovenes-emprendedores-y-autonomos-impulsada-por-la-agencia-imagina\/","og_site_name":"IMAGINA Agencia de Marketing Digital","article_published_time":"2024-08-08T11:15:32+00:00","article_modified_time":"2024-08-08T11:53:06+00:00","og_image":[{"width":636,"height":450,"url":"https:\/\/imaginadigital.com\/wp-content\/uploads\/2024\/08\/Diseno-sin-titulo-15.png","type":"image\/png"}],"author":"Carolina","twitter_card":"summary_large_image","twitter_misc":{"Written by":"Carolina","Est. reading time":"2 minutes"},"schema":{"@context":"https:\/\/schema.org","@graph":[{"@type":"Article","@id":"https:\/\/imaginadigital.com\/en\/blog\/arranca-la-campana-autoocupacio-jove-para-jovenes-emprendedores-y-autonomos-impulsada-por-la-agencia-imagina\/#article","isPartOf":{"@id":"https:\/\/imaginadigital.com\/en\/blog\/arranca-la-campana-autoocupacio-jove-para-jovenes-emprendedores-y-autonomos-impulsada-por-la-agencia-imagina\/"},"author":{"name":"Carolina","@id":"https:\/\/imaginadigital.com\/en\/#\/schema\/person\/43001924663404f5ee9bb53886ab8570"},"headline":"Arranca la campa\u00f1a &#8220;Autoocupaci\u00f3 Jove&#8221; para j\u00f3venes emprendedores y aut\u00f3nomos, impulsada por la Agencia IMAGINA","datePublished":"2024-08-08T11:15:32+00:00","dateModified":"2024-08-08T11:53:06+00:00","mainEntityOfPage":{"@id":"https:\/\/imaginadigital.com\/en\/blog\/arranca-la-campana-autoocupacio-jove-para-jovenes-emprendedores-y-autonomos-impulsada-por-la-agencia-imagina\/"},"wordCount":493,"publisher":{"@id":"https:\/\/imaginadigital.com\/en\/#organization"},"image":{"@id":"https:\/\/imaginadigital.com\/en\/blog\/arranca-la-campana-autoocupacio-jove-para-jovenes-emprendedores-y-autonomos-impulsada-por-la-agencia-imagina\/#primaryimage"},"thumbnailUrl":"https:\/\/imaginadigital.com\/wp-content\/uploads\/2024\/08\/Diseno-sin-titulo-15.png","articleSection":["Blog"],"inLanguage":"en-US"},{"@type":"WebPage","@id":"https:\/\/imaginadigital.com\/en\/blog\/arranca-la-campana-autoocupacio-jove-para-jovenes-emprendedores-y-autonomos-impulsada-por-la-agencia-imagina\/","url":"https:\/\/imaginadigital.com\/en\/blog\/arranca-la-campana-autoocupacio-jove-para-jovenes-emprendedores-y-autonomos-impulsada-por-la-agencia-imagina\/","name":"Arranca la campa\u00f1a \"Autoocupaci\u00f3 Jove\" para j\u00f3venes emprendedores y aut\u00f3nomos, impulsada por la Agencia IMAGINA - IMAGINA Agencia de Marketing Digital","isPartOf":{"@id":"https:\/\/imaginadigital.com\/en\/#website"},"primaryImageOfPage":{"@id":"https:\/\/imaginadigital.com\/en\/blog\/arranca-la-campana-autoocupacio-jove-para-jovenes-emprendedores-y-autonomos-impulsada-por-la-agencia-imagina\/#primaryimage"},"image":{"@id":"https:\/\/imaginadigital.com\/en\/blog\/arranca-la-campana-autoocupacio-jove-para-jovenes-emprendedores-y-autonomos-impulsada-por-la-agencia-imagina\/#primaryimage"},"thumbnailUrl":"https:\/\/imaginadigital.com\/wp-content\/uploads\/2024\/08\/Diseno-sin-titulo-15.png","datePublished":"2024-08-08T11:15:32+00:00","dateModified":"2024-08-08T11:53:06+00:00","breadcrumb":{"@id":"https:\/\/imaginadigital.com\/en\/blog\/arranca-la-campana-autoocupacio-jove-para-jovenes-emprendedores-y-autonomos-impulsada-por-la-agencia-imagina\/#breadcrumb"},"inLanguage":"en-US","potentialAction":[{"@type":"ReadAction","target":["https:\/\/imaginadigital.com\/en\/blog\/arranca-la-campana-autoocupacio-jove-para-jovenes-emprendedores-y-autonomos-impulsada-por-la-agencia-imagina\/"]}]},{"@type":"ImageObject","inLanguage":"en-US","@id":"https:\/\/imaginadigital.com\/en\/blog\/arranca-la-campana-autoocupacio-jove-para-jovenes-emprendedores-y-autonomos-impulsada-por-la-agencia-imagina\/#primaryimage","url":"https:\/\/imaginadigital.com\/wp-content\/uploads\/2024\/08\/Diseno-sin-titulo-15.png","contentUrl":"https:\/\/imaginadigital.com\/wp-content\/uploads\/2024\/08\/Diseno-sin-titulo-15.png","width":636,"height":450},{"@type":"BreadcrumbList","@id":"https:\/\/imaginadigital.com\/en\/blog\/arranca-la-campana-autoocupacio-jove-para-jovenes-emprendedores-y-autonomos-impulsada-por-la-agencia-imagina\/#breadcrumb","itemListElement":[{"@type":"ListItem","position":1,"name":"Portada","item":"https:\/\/imaginadigital.com\/en\/"},{"@type":"ListItem","position":2,"name":"Arranca la campa\u00f1a &#8220;Autoocupaci\u00f3 Jove&#8221; para j\u00f3venes emprendedores y aut\u00f3nomos, impulsada por la Agencia IMAGINA"}]},{"@type":"WebSite","@id":"https:\/\/imaginadigital.com\/en\/#website","url":"https:\/\/imaginadigital.com\/en\/","name":"IMAGINA Agencia de Marketing Digital","description":"Somos IMAGINA, la agencia de Social Media y marketing digital l\u00edder en Espa\u00f1a. Un equipo con 10 a\u00f1os de experiencia y 300 casos de \u00e9xito. Queremos ser tu partner en redes sociales","publisher":{"@id":"https:\/\/imaginadigital.com\/en\/#organization"},"potentialAction":[{"@type":"SearchAction","target":{"@type":"EntryPoint","urlTemplate":"https:\/\/imaginadigital.com\/en\/?s={search_term_string}"},"query-input":{"@type":"PropertyValueSpecification","valueRequired":true,"valueName":"search_term_string"}}],"inLanguage":"en-US"},{"@type":"Organization","@id":"https:\/\/imaginadigital.com\/en\/#organization","name":"IMAGINA Agencia de Marketing Digital","url":"https:\/\/imaginadigital.com\/en\/","logo":{"@type":"ImageObject","inLanguage":"en-US","@id":"https:\/\/imaginadigital.com\/en\/#\/schema\/logo\/image\/","url":"https:\/\/imaginadigital.com\/wp-content\/uploads\/2024\/11\/cropped-LOGO_NEW_IMAGINA.png","contentUrl":"https:\/\/imaginadigital.com\/wp-content\/uploads\/2024\/11\/cropped-LOGO_NEW_IMAGINA.png","width":280,"height":56,"caption":"IMAGINA Agencia de Marketing Digital"},"image":{"@id":"https:\/\/imaginadigital.com\/en\/#\/schema\/logo\/image\/"}},{"@type":"Person","@id":"https:\/\/imaginadigital.com\/en\/#\/schema\/person\/43001924663404f5ee9bb53886ab8570","name":"Carolina","url":"https:\/\/imaginadigital.com\/en\/author\/analytics\/"}]}},"_links":{"self":[{"href":"https:\/\/imaginadigital.com\/en\/wp-json\/wp\/v2\/posts\/22417","targetHints":{"allow":["GET"]}}],"collection":[{"href":"https:\/\/imaginadigital.com\/en\/wp-json\/wp\/v2\/posts"}],"about":[{"href":"https:\/\/imaginadigital.com\/en\/wp-json\/wp\/v2\/types\/post"}],"author":[{"embeddable":true,"href":"https:\/\/imaginadigital.com\/en\/wp-json\/wp\/v2\/users\/4"}],"replies":[{"embeddable":true,"href":"https:\/\/imaginadigital.com\/en\/wp-json\/wp\/v2\/comments?post=22417"}],"version-history":[{"count":0,"href":"https:\/\/imaginadigital.com\/en\/wp-json\/wp\/v2\/posts\/22417\/revisions"}],"wp:featuredmedia":[{"embeddable":true,"href":"https:\/\/imaginadigital.com\/en\/wp-json\/wp\/v2\/media\/22428"}],"wp:attachment":[{"href":"https:\/\/imaginadigital.com\/en\/wp-json\/wp\/v2\/media?parent=22417"}],"wp:term":[{"taxonomy":"category","embeddable":true,"href":"https:\/\/imaginadigital.com\/en\/wp-json\/wp\/v2\/categories?post=22417"},{"taxonomy":"post_tag","embeddable":true,"href":"https:\/\/imaginadigital.com\/en\/wp-json\/wp\/v2\/tags?post=22417"}],"curies":[{"name":"wp","href":"https:\/\/api.w.org\/{rel}","templated":true}]}}