{"id":22838,"date":"2024-09-10T10:29:43","date_gmt":"2024-09-10T08:29:43","guid":{"rendered":"https:\/\/imaginadigital.com\/blog\/bluespace-confia-en-la-agencia-imagina-para-impulsar-su-presencia-en-redes-sociales-copy\/"},"modified":"2024-09-27T10:46:23","modified_gmt":"2024-09-27T08:46:23","slug":"imagina-potencia-la-visibilidad-de-rec0-a-traves-de-contenido-para-sus-redes-sociales","status":"publish","type":"post","link":"https:\/\/imaginadigital.com\/en\/blog\/imagina-potencia-la-visibilidad-de-rec0-a-traves-de-contenido-para-sus-redes-sociales\/","title":{"rendered":"IMAGINA potencia la visibilidad de REC.0 a trav\u00e9s de contenido para sus redes sociales"},"content":{"rendered":"\t\t<div data-elementor-type=\"wp-post\" data-elementor-id=\"22838\" class=\"elementor elementor-22838\" data-elementor-post-type=\"post\">\n\t\t\t\t\t\t<section class=\"elementor-section elementor-top-section elementor-element elementor-element-cdb1466 elementor-section-boxed elementor-section-height-default elementor-section-height-default\" data-id=\"cdb1466\" data-element_type=\"section\" data-e-type=\"section\">\n\t\t\t\t\t\t<div class=\"elementor-container elementor-column-gap-default\">\n\t\t\t\t\t<div class=\"elementor-column elementor-col-100 elementor-top-column elementor-element elementor-element-bd7b9af\" data-id=\"bd7b9af\" data-element_type=\"column\" data-e-type=\"column\">\n\t\t\t<div class=\"elementor-widget-wrap elementor-element-populated\">\n\t\t\t\t\t\t<div class=\"elementor-element elementor-element-8eeffe6 elementor-widget elementor-widget-author-box\" data-id=\"8eeffe6\" data-element_type=\"widget\" data-e-type=\"widget\" data-widget_type=\"author-box.default\">\n\t\t\t\t\t\t\t<div class=\"elementor-author-box\">\n\t\t\t\t\t\t\t<div  class=\"elementor-author-box__avatar\">\n\t\t\t\t\t<img decoding=\"async\" src=\"https:\/\/imaginadigital.com\/wp-content\/uploads\/2024\/06\/\u00bfPuede-el-Team-Building-mejorar-las-relaciones-empresariales-En-IMAGINA-creemos-que-si-300x300.png\" alt=\"Picture of Agencia IMAGINA\" loading=\"lazy\">\n\t\t\t\t<\/div>\n\t\t\t\n\t\t\t<div class=\"elementor-author-box__text\">\n\t\t\t\t\t\t\t\t\t<div >\n\t\t\t\t\t\t<h4 class=\"elementor-author-box__name\">\n\t\t\t\t\t\t\tAgencia IMAGINA\t\t\t\t\t\t<\/h4>\n\t\t\t\t\t<\/div>\n\t\t\t\t\n\t\t\t\t\n\t\t\t\t\t\t\t<\/div>\n\t\t<\/div>\n\t\t\t\t\t\t<\/div>\n\t\t\t\t<div class=\"elementor-element elementor-element-96e1524 elementor-widget elementor-widget-image\" data-id=\"96e1524\" data-element_type=\"widget\" data-e-type=\"widget\" data-widget_type=\"image.default\">\n\t\t\t\t\t\t\t\t\t\t\t\t<figure class=\"wp-caption\">\n\t\t\t\t\t\t\t\t\t\t<img fetchpriority=\"high\" decoding=\"async\" width=\"1024\" height=\"683\" src=\"https:\/\/imaginadigital.com\/wp-content\/uploads\/2024\/09\/rec.014.1-1024x683.jpg\" class=\"attachment-large size-large wp-image-22841\" alt=\"\" srcset=\"https:\/\/imaginadigital.com\/wp-content\/uploads\/2024\/09\/rec.014.1-1024x683.jpg 1024w, https:\/\/imaginadigital.com\/wp-content\/uploads\/2024\/09\/rec.014.1-300x200.jpg 300w, https:\/\/imaginadigital.com\/wp-content\/uploads\/2024\/09\/rec.014.1-768x512.jpg 768w, https:\/\/imaginadigital.com\/wp-content\/uploads\/2024\/09\/rec.014.1-1536x1024.jpg 1536w, https:\/\/imaginadigital.com\/wp-content\/uploads\/2024\/09\/rec.014.1.jpg 1800w\" sizes=\"(max-width: 1024px) 100vw, 1024px\" \/>\t\t\t\t\t\t\t\t\t\t\t<figcaption class=\"widget-image-caption wp-caption-text\">Festival REC.0 <\/figcaption>\n\t\t\t\t\t\t\t\t\t\t<\/figure>\n\t\t\t\t\t\t\t\t\t<\/div>\n\t\t\t\t<div class=\"elementor-element elementor-element-cd78908 elementor-widget elementor-widget-text-editor\" data-id=\"cd78908\" data-element_type=\"widget\" data-e-type=\"widget\" data-widget_type=\"text-editor.default\">\n\t\t\t\t\t\t\t\t\t<p><span data-contrast=\"auto\">En el marco del <strong>festival REC.0<\/strong>, celebrado en la ciudad de Igualada, donde la moda, la cultura y la gastronom\u00eda se fusionan para ofrecer una experiencia inolvidable, la <strong>Agencia IMAGINA<\/strong> producir\u00e1 una serie de <strong>v\u00eddeos promocionales<\/strong> para potenciar la visibilidad del festival.<\/span><span data-ccp-props=\"{&quot;134233117&quot;:false,&quot;134233118&quot;:false,&quot;201341983&quot;:0,&quot;335551550&quot;:6,&quot;335551620&quot;:6,&quot;335559738&quot;:240,&quot;335559739&quot;:240,&quot;335559740&quot;:279}\">\u00a0<\/span><\/p><p><span data-contrast=\"auto\">Desde su inauguraci\u00f3n, REC.0 se ha posicionado como un evento imprescindible que atrae a <strong>amantes de la moda, la cultura y la gastronom\u00eda,<\/strong> ofreciendo un espacio donde las tendencias se encuentran con la creatividad y la innovaci\u00f3n. Este a\u00f1o, IMAGINA tiene la misi\u00f3n de <strong>potenciar la visibilidad del festival<\/strong> a trav\u00e9s de una serie de videos promocionales que capturen su esencia \u00fanica.<\/span><span data-ccp-props=\"{&quot;134233117&quot;:false,&quot;134233118&quot;:false,&quot;201341983&quot;:0,&quot;335551550&quot;:6,&quot;335551620&quot;:6,&quot;335559738&quot;:240,&quot;335559739&quot;:240,&quot;335559740&quot;:279}\">\u00a0<\/span><\/p><p><b><span data-contrast=\"auto\">Colaboraci\u00f3n con IMAGINA<\/span><\/b><span data-ccp-props=\"{&quot;134233117&quot;:false,&quot;134233118&quot;:false,&quot;201341983&quot;:0,&quot;335551550&quot;:6,&quot;335551620&quot;:6,&quot;335559738&quot;:240,&quot;335559739&quot;:240,&quot;335559740&quot;:279}\">\u00a0<\/span><\/p><p><span data-contrast=\"auto\">Para llevar a cabo esta ambiciosa tarea, <strong>IMAGINA<\/strong> utilizar\u00e1 su experiencia en <strong>creaci\u00f3n de contenido<\/strong> para desarrollar videos que reflejen la energ\u00eda y el dinamismo de <strong>REC.0.<\/strong> Los objetivos son claros:<\/span><span data-ccp-props=\"{&quot;134233117&quot;:false,&quot;134233118&quot;:false,&quot;201341983&quot;:0,&quot;335551550&quot;:6,&quot;335551620&quot;:6,&quot;335559738&quot;:240,&quot;335559739&quot;:240,&quot;335559740&quot;:279}\">\u00a0<\/span><\/p><ul><li data-leveltext=\"\uf0b7\" data-font=\"Symbol\" data-listid=\"1\" data-list-defn-props=\"{&quot;335552541&quot;:1,&quot;335559685&quot;:720,&quot;335559991&quot;:360,&quot;469769226&quot;:&quot;Symbol&quot;,&quot;469769242&quot;:[8226],&quot;469777803&quot;:&quot;left&quot;,&quot;469777804&quot;:&quot;\uf0b7&quot;,&quot;469777815&quot;:&quot;hybridMultilevel&quot;}\" aria-setsize=\"-1\" data-aria-posinset=\"1\" data-aria-level=\"1\"><span data-contrast=\"auto\"><strong>Generar expectativa y participaci\u00f3n<\/strong> a trav\u00e9s de plataformas digitales, promoviendo el evento antes y durante su desarrollo.<\/span><span data-ccp-props=\"{&quot;134233117&quot;:false,&quot;134233118&quot;:false,&quot;201341983&quot;:0,&quot;335551550&quot;:6,&quot;335551620&quot;:6,&quot;335559738&quot;:240,&quot;335559739&quot;:240,&quot;335559740&quot;:279}\">\u00a0<\/span><\/li><\/ul><ul><li data-leveltext=\"\uf0b7\" data-font=\"Symbol\" data-listid=\"1\" data-list-defn-props=\"{&quot;335552541&quot;:1,&quot;335559685&quot;:720,&quot;335559991&quot;:360,&quot;469769226&quot;:&quot;Symbol&quot;,&quot;469769242&quot;:[8226],&quot;469777803&quot;:&quot;left&quot;,&quot;469777804&quot;:&quot;\uf0b7&quot;,&quot;469777815&quot;:&quot;hybridMultilevel&quot;}\" aria-setsize=\"-1\" data-aria-posinset=\"2\" data-aria-level=\"1\"><span data-contrast=\"auto\"><strong>Producir contenido atractivo<\/strong> que resalte los momentos clave del festival, desde desfiles de moda hasta experiencias gastron\u00f3micas.<\/span><span data-ccp-props=\"{&quot;134233117&quot;:false,&quot;134233118&quot;:false,&quot;201341983&quot;:0,&quot;335551550&quot;:6,&quot;335551620&quot;:6,&quot;335559738&quot;:240,&quot;335559739&quot;:240,&quot;335559740&quot;:279}\">\u00a0<\/span><\/li><\/ul><ul><li data-leveltext=\"\uf0b7\" data-font=\"Symbol\" data-listid=\"1\" data-list-defn-props=\"{&quot;335552541&quot;:1,&quot;335559685&quot;:720,&quot;335559991&quot;:360,&quot;469769226&quot;:&quot;Symbol&quot;,&quot;469769242&quot;:[8226],&quot;469777803&quot;:&quot;left&quot;,&quot;469777804&quot;:&quot;\uf0b7&quot;,&quot;469777815&quot;:&quot;hybridMultilevel&quot;}\" aria-setsize=\"-1\" data-aria-posinset=\"3\" data-aria-level=\"1\"><span data-contrast=\"auto\"><strong>Aumentar la interacci\u00f3n y el engagement<\/strong> de los asistentes, utilizando herramientas de marketing digital que conecten con el p\u00fablico objetivo del evento.<\/span><span data-ccp-props=\"{&quot;134233117&quot;:false,&quot;134233118&quot;:false,&quot;201341983&quot;:0,&quot;335551550&quot;:6,&quot;335551620&quot;:6,&quot;335559738&quot;:240,&quot;335559739&quot;:240,&quot;335559740&quot;:279}\">\u00a0<\/span><\/li><\/ul><p><b><span data-contrast=\"auto\">Perspectivas de impacto<\/span><\/b><span data-ccp-props=\"{&quot;134233117&quot;:false,&quot;134233118&quot;:false,&quot;201341983&quot;:0,&quot;335551550&quot;:6,&quot;335551620&quot;:6,&quot;335559738&quot;:240,&quot;335559739&quot;:240,&quot;335559740&quot;:279}\">\u00a0<\/span><\/p><p><span data-contrast=\"auto\">La colaboraci\u00f3n entre <strong>IMAGINA<\/strong> y el festival <strong>REC.0<\/strong> promete abrir <strong>nuevas oportunidades<\/strong> para la promoci\u00f3n de este evento multifac\u00e9tico. Con una <strong>estrategia de contenido s\u00f3lida<\/strong>, se espera que estos videos no solo realcen la experiencia del festival, sino que tambi\u00e9n<strong> fortalezcan su presencia en el panorama cultural y de la moda<\/strong>, atrayendo a un p\u00fablico diverso y ampliando su alcance en el \u00e1mbito digital.<\/span><\/p>\t\t\t\t\t\t\t\t<\/div>\n\t\t\t\t\t<\/div>\n\t\t<\/div>\n\t\t\t\t\t<\/div>\n\t\t<\/section>\n\t\t\t\t<\/div>\n\t\t","protected":false},"excerpt":{"rendered":"<p>Festival REC.0 En el marco del festival REC.0, celebrado en la ciudad de Igualada, donde la moda, la cultura y la gastronom\u00eda se fusionan para ofrecer una experiencia inolvidable, la Agencia IMAGINA producir\u00e1 una serie de v\u00eddeos promocionales para potenciar la visibilidad del festival. Desde su inauguraci\u00f3n, REC.0 se ha posicionado como un evento imprescindible &#8230; <a title=\"IMAGINA potencia la visibilidad de REC.0 a trav\u00e9s de contenido para sus redes sociales\" class=\"read-more\" href=\"https:\/\/imaginadigital.com\/en\/blog\/imagina-potencia-la-visibilidad-de-rec0-a-traves-de-contenido-para-sus-redes-sociales\/\" aria-label=\"Read more about IMAGINA potencia la visibilidad de REC.0 a trav\u00e9s de contenido para sus redes sociales\">Read more<\/a><\/p>\n","protected":false},"author":4,"featured_media":22841,"comment_status":"closed","ping_status":"closed","sticky":false,"template":"","format":"standard","meta":{"_acf_changed":false,"content-type":"","inline_featured_image":false,"footnotes":""},"categories":[8],"tags":[],"class_list":["post-22838","post","type-post","status-publish","format-standard","has-post-thumbnail","hentry","category-blog"],"acf":[],"yoast_head":"<!-- This site is optimized with the Yoast SEO plugin v27.4 - https:\/\/yoast.com\/product\/yoast-seo-wordpress\/ -->\n<title>IMAGINA potencia la visibilidad de REC.0 a trav\u00e9s de contenido para sus redes sociales - IMAGINA Agencia de Marketing Digital<\/title>\n<meta name=\"robots\" content=\"index, follow, max-snippet:-1, max-image-preview:large, max-video-preview:-1\" \/>\n<link rel=\"canonical\" href=\"https:\/\/imaginadigital.com\/en\/blog\/imagina-potencia-la-visibilidad-de-rec0-a-traves-de-contenido-para-sus-redes-sociales\/\" \/>\n<meta property=\"og:locale\" content=\"en_US\" \/>\n<meta property=\"og:type\" content=\"article\" \/>\n<meta property=\"og:title\" content=\"IMAGINA potencia la visibilidad de REC.0 a trav\u00e9s de contenido para sus redes sociales - IMAGINA Agencia de Marketing Digital\" \/>\n<meta property=\"og:description\" content=\"Festival REC.0 En el marco del festival REC.0, celebrado en la ciudad de Igualada, donde la moda, la cultura y la gastronom\u00eda se fusionan para ofrecer una experiencia inolvidable, la Agencia IMAGINA producir\u00e1 una serie de v\u00eddeos promocionales para potenciar la visibilidad del festival. Desde su inauguraci\u00f3n, REC.0 se ha posicionado como un evento imprescindible ... Read more\" \/>\n<meta property=\"og:url\" content=\"https:\/\/imaginadigital.com\/en\/blog\/imagina-potencia-la-visibilidad-de-rec0-a-traves-de-contenido-para-sus-redes-sociales\/\" \/>\n<meta property=\"og:site_name\" content=\"IMAGINA Agencia de Marketing Digital\" \/>\n<meta property=\"article:published_time\" content=\"2024-09-10T08:29:43+00:00\" \/>\n<meta property=\"article:modified_time\" content=\"2024-09-27T08:46:23+00:00\" \/>\n<meta property=\"og:image\" content=\"https:\/\/imaginadigital.com\/wp-content\/uploads\/2024\/09\/rec.014.1.jpg\" \/>\n\t<meta property=\"og:image:width\" content=\"1800\" \/>\n\t<meta property=\"og:image:height\" content=\"1200\" \/>\n\t<meta property=\"og:image:type\" content=\"image\/jpeg\" \/>\n<meta name=\"author\" content=\"Carolina\" \/>\n<meta name=\"twitter:card\" content=\"summary_large_image\" \/>\n<meta name=\"twitter:label1\" content=\"Written by\" \/>\n\t<meta name=\"twitter:data1\" content=\"Carolina\" \/>\n\t<meta name=\"twitter:label2\" content=\"Est. reading time\" \/>\n\t<meta name=\"twitter:data2\" content=\"1 minute\" \/>\n<script type=\"application\/ld+json\" class=\"yoast-schema-graph\">{\"@context\":\"https:\\\/\\\/schema.org\",\"@graph\":[{\"@type\":\"Article\",\"@id\":\"https:\\\/\\\/imaginadigital.com\\\/en\\\/blog\\\/imagina-potencia-la-visibilidad-de-rec0-a-traves-de-contenido-para-sus-redes-sociales\\\/#article\",\"isPartOf\":{\"@id\":\"https:\\\/\\\/imaginadigital.com\\\/en\\\/blog\\\/imagina-potencia-la-visibilidad-de-rec0-a-traves-de-contenido-para-sus-redes-sociales\\\/\"},\"author\":{\"name\":\"Carolina\",\"@id\":\"https:\\\/\\\/imaginadigital.com\\\/en\\\/#\\\/schema\\\/person\\\/43001924663404f5ee9bb53886ab8570\"},\"headline\":\"IMAGINA potencia la visibilidad de REC.0 a trav\u00e9s de contenido para sus redes sociales\",\"datePublished\":\"2024-09-10T08:29:43+00:00\",\"dateModified\":\"2024-09-27T08:46:23+00:00\",\"mainEntityOfPage\":{\"@id\":\"https:\\\/\\\/imaginadigital.com\\\/en\\\/blog\\\/imagina-potencia-la-visibilidad-de-rec0-a-traves-de-contenido-para-sus-redes-sociales\\\/\"},\"wordCount\":300,\"publisher\":{\"@id\":\"https:\\\/\\\/imaginadigital.com\\\/en\\\/#organization\"},\"image\":{\"@id\":\"https:\\\/\\\/imaginadigital.com\\\/en\\\/blog\\\/imagina-potencia-la-visibilidad-de-rec0-a-traves-de-contenido-para-sus-redes-sociales\\\/#primaryimage\"},\"thumbnailUrl\":\"https:\\\/\\\/imaginadigital.com\\\/wp-content\\\/uploads\\\/2024\\\/09\\\/rec.014.1.jpg\",\"articleSection\":[\"Blog\"],\"inLanguage\":\"en-US\"},{\"@type\":\"WebPage\",\"@id\":\"https:\\\/\\\/imaginadigital.com\\\/en\\\/blog\\\/imagina-potencia-la-visibilidad-de-rec0-a-traves-de-contenido-para-sus-redes-sociales\\\/\",\"url\":\"https:\\\/\\\/imaginadigital.com\\\/en\\\/blog\\\/imagina-potencia-la-visibilidad-de-rec0-a-traves-de-contenido-para-sus-redes-sociales\\\/\",\"name\":\"IMAGINA potencia la visibilidad de REC.0 a trav\u00e9s de contenido para sus redes sociales - IMAGINA Agencia de Marketing Digital\",\"isPartOf\":{\"@id\":\"https:\\\/\\\/imaginadigital.com\\\/en\\\/#website\"},\"primaryImageOfPage\":{\"@id\":\"https:\\\/\\\/imaginadigital.com\\\/en\\\/blog\\\/imagina-potencia-la-visibilidad-de-rec0-a-traves-de-contenido-para-sus-redes-sociales\\\/#primaryimage\"},\"image\":{\"@id\":\"https:\\\/\\\/imaginadigital.com\\\/en\\\/blog\\\/imagina-potencia-la-visibilidad-de-rec0-a-traves-de-contenido-para-sus-redes-sociales\\\/#primaryimage\"},\"thumbnailUrl\":\"https:\\\/\\\/imaginadigital.com\\\/wp-content\\\/uploads\\\/2024\\\/09\\\/rec.014.1.jpg\",\"datePublished\":\"2024-09-10T08:29:43+00:00\",\"dateModified\":\"2024-09-27T08:46:23+00:00\",\"breadcrumb\":{\"@id\":\"https:\\\/\\\/imaginadigital.com\\\/en\\\/blog\\\/imagina-potencia-la-visibilidad-de-rec0-a-traves-de-contenido-para-sus-redes-sociales\\\/#breadcrumb\"},\"inLanguage\":\"en-US\",\"potentialAction\":[{\"@type\":\"ReadAction\",\"target\":[\"https:\\\/\\\/imaginadigital.com\\\/en\\\/blog\\\/imagina-potencia-la-visibilidad-de-rec0-a-traves-de-contenido-para-sus-redes-sociales\\\/\"]}]},{\"@type\":\"ImageObject\",\"inLanguage\":\"en-US\",\"@id\":\"https:\\\/\\\/imaginadigital.com\\\/en\\\/blog\\\/imagina-potencia-la-visibilidad-de-rec0-a-traves-de-contenido-para-sus-redes-sociales\\\/#primaryimage\",\"url\":\"https:\\\/\\\/imaginadigital.com\\\/wp-content\\\/uploads\\\/2024\\\/09\\\/rec.014.1.jpg\",\"contentUrl\":\"https:\\\/\\\/imaginadigital.com\\\/wp-content\\\/uploads\\\/2024\\\/09\\\/rec.014.1.jpg\",\"width\":1800,\"height\":1200,\"caption\":\"Festival REC.0\"},{\"@type\":\"BreadcrumbList\",\"@id\":\"https:\\\/\\\/imaginadigital.com\\\/en\\\/blog\\\/imagina-potencia-la-visibilidad-de-rec0-a-traves-de-contenido-para-sus-redes-sociales\\\/#breadcrumb\",\"itemListElement\":[{\"@type\":\"ListItem\",\"position\":1,\"name\":\"Portada\",\"item\":\"https:\\\/\\\/imaginadigital.com\\\/en\\\/\"},{\"@type\":\"ListItem\",\"position\":2,\"name\":\"IMAGINA potencia la visibilidad de REC.0 a trav\u00e9s de contenido para sus redes sociales\"}]},{\"@type\":\"WebSite\",\"@id\":\"https:\\\/\\\/imaginadigital.com\\\/en\\\/#website\",\"url\":\"https:\\\/\\\/imaginadigital.com\\\/en\\\/\",\"name\":\"IMAGINA Agencia de Marketing Digital\",\"description\":\"Somos IMAGINA, la agencia de Social Media y marketing digital l\u00edder en Espa\u00f1a. Un equipo con 10 a\u00f1os de experiencia y 300 casos de \u00e9xito. Queremos ser tu partner en redes sociales\",\"publisher\":{\"@id\":\"https:\\\/\\\/imaginadigital.com\\\/en\\\/#organization\"},\"potentialAction\":[{\"@type\":\"SearchAction\",\"target\":{\"@type\":\"EntryPoint\",\"urlTemplate\":\"https:\\\/\\\/imaginadigital.com\\\/en\\\/?s={search_term_string}\"},\"query-input\":{\"@type\":\"PropertyValueSpecification\",\"valueRequired\":true,\"valueName\":\"search_term_string\"}}],\"inLanguage\":\"en-US\"},{\"@type\":\"Organization\",\"@id\":\"https:\\\/\\\/imaginadigital.com\\\/en\\\/#organization\",\"name\":\"IMAGINA Agencia de Marketing Digital\",\"url\":\"https:\\\/\\\/imaginadigital.com\\\/en\\\/\",\"logo\":{\"@type\":\"ImageObject\",\"inLanguage\":\"en-US\",\"@id\":\"https:\\\/\\\/imaginadigital.com\\\/en\\\/#\\\/schema\\\/logo\\\/image\\\/\",\"url\":\"https:\\\/\\\/imaginadigital.com\\\/wp-content\\\/uploads\\\/2024\\\/11\\\/cropped-LOGO_NEW_IMAGINA.png\",\"contentUrl\":\"https:\\\/\\\/imaginadigital.com\\\/wp-content\\\/uploads\\\/2024\\\/11\\\/cropped-LOGO_NEW_IMAGINA.png\",\"width\":280,\"height\":56,\"caption\":\"IMAGINA Agencia de Marketing Digital\"},\"image\":{\"@id\":\"https:\\\/\\\/imaginadigital.com\\\/en\\\/#\\\/schema\\\/logo\\\/image\\\/\"}},{\"@type\":\"Person\",\"@id\":\"https:\\\/\\\/imaginadigital.com\\\/en\\\/#\\\/schema\\\/person\\\/43001924663404f5ee9bb53886ab8570\",\"name\":\"Carolina\",\"url\":\"https:\\\/\\\/imaginadigital.com\\\/en\\\/author\\\/analytics\\\/\"}]}<\/script>\n<!-- \/ Yoast SEO plugin. -->","yoast_head_json":{"title":"IMAGINA potencia la visibilidad de REC.0 a trav\u00e9s de contenido para sus redes sociales - IMAGINA Agencia de Marketing Digital","robots":{"index":"index","follow":"follow","max-snippet":"max-snippet:-1","max-image-preview":"max-image-preview:large","max-video-preview":"max-video-preview:-1"},"canonical":"https:\/\/imaginadigital.com\/en\/blog\/imagina-potencia-la-visibilidad-de-rec0-a-traves-de-contenido-para-sus-redes-sociales\/","og_locale":"en_US","og_type":"article","og_title":"IMAGINA potencia la visibilidad de REC.0 a trav\u00e9s de contenido para sus redes sociales - IMAGINA Agencia de Marketing Digital","og_description":"Festival REC.0 En el marco del festival REC.0, celebrado en la ciudad de Igualada, donde la moda, la cultura y la gastronom\u00eda se fusionan para ofrecer una experiencia inolvidable, la Agencia IMAGINA producir\u00e1 una serie de v\u00eddeos promocionales para potenciar la visibilidad del festival. Desde su inauguraci\u00f3n, REC.0 se ha posicionado como un evento imprescindible ... Read more","og_url":"https:\/\/imaginadigital.com\/en\/blog\/imagina-potencia-la-visibilidad-de-rec0-a-traves-de-contenido-para-sus-redes-sociales\/","og_site_name":"IMAGINA Agencia de Marketing Digital","article_published_time":"2024-09-10T08:29:43+00:00","article_modified_time":"2024-09-27T08:46:23+00:00","og_image":[{"width":1800,"height":1200,"url":"https:\/\/imaginadigital.com\/wp-content\/uploads\/2024\/09\/rec.014.1.jpg","type":"image\/jpeg"}],"author":"Carolina","twitter_card":"summary_large_image","twitter_misc":{"Written by":"Carolina","Est. reading time":"1 minute"},"schema":{"@context":"https:\/\/schema.org","@graph":[{"@type":"Article","@id":"https:\/\/imaginadigital.com\/en\/blog\/imagina-potencia-la-visibilidad-de-rec0-a-traves-de-contenido-para-sus-redes-sociales\/#article","isPartOf":{"@id":"https:\/\/imaginadigital.com\/en\/blog\/imagina-potencia-la-visibilidad-de-rec0-a-traves-de-contenido-para-sus-redes-sociales\/"},"author":{"name":"Carolina","@id":"https:\/\/imaginadigital.com\/en\/#\/schema\/person\/43001924663404f5ee9bb53886ab8570"},"headline":"IMAGINA potencia la visibilidad de REC.0 a trav\u00e9s de contenido para sus redes sociales","datePublished":"2024-09-10T08:29:43+00:00","dateModified":"2024-09-27T08:46:23+00:00","mainEntityOfPage":{"@id":"https:\/\/imaginadigital.com\/en\/blog\/imagina-potencia-la-visibilidad-de-rec0-a-traves-de-contenido-para-sus-redes-sociales\/"},"wordCount":300,"publisher":{"@id":"https:\/\/imaginadigital.com\/en\/#organization"},"image":{"@id":"https:\/\/imaginadigital.com\/en\/blog\/imagina-potencia-la-visibilidad-de-rec0-a-traves-de-contenido-para-sus-redes-sociales\/#primaryimage"},"thumbnailUrl":"https:\/\/imaginadigital.com\/wp-content\/uploads\/2024\/09\/rec.014.1.jpg","articleSection":["Blog"],"inLanguage":"en-US"},{"@type":"WebPage","@id":"https:\/\/imaginadigital.com\/en\/blog\/imagina-potencia-la-visibilidad-de-rec0-a-traves-de-contenido-para-sus-redes-sociales\/","url":"https:\/\/imaginadigital.com\/en\/blog\/imagina-potencia-la-visibilidad-de-rec0-a-traves-de-contenido-para-sus-redes-sociales\/","name":"IMAGINA potencia la visibilidad de REC.0 a trav\u00e9s de contenido para sus redes sociales - IMAGINA Agencia de Marketing Digital","isPartOf":{"@id":"https:\/\/imaginadigital.com\/en\/#website"},"primaryImageOfPage":{"@id":"https:\/\/imaginadigital.com\/en\/blog\/imagina-potencia-la-visibilidad-de-rec0-a-traves-de-contenido-para-sus-redes-sociales\/#primaryimage"},"image":{"@id":"https:\/\/imaginadigital.com\/en\/blog\/imagina-potencia-la-visibilidad-de-rec0-a-traves-de-contenido-para-sus-redes-sociales\/#primaryimage"},"thumbnailUrl":"https:\/\/imaginadigital.com\/wp-content\/uploads\/2024\/09\/rec.014.1.jpg","datePublished":"2024-09-10T08:29:43+00:00","dateModified":"2024-09-27T08:46:23+00:00","breadcrumb":{"@id":"https:\/\/imaginadigital.com\/en\/blog\/imagina-potencia-la-visibilidad-de-rec0-a-traves-de-contenido-para-sus-redes-sociales\/#breadcrumb"},"inLanguage":"en-US","potentialAction":[{"@type":"ReadAction","target":["https:\/\/imaginadigital.com\/en\/blog\/imagina-potencia-la-visibilidad-de-rec0-a-traves-de-contenido-para-sus-redes-sociales\/"]}]},{"@type":"ImageObject","inLanguage":"en-US","@id":"https:\/\/imaginadigital.com\/en\/blog\/imagina-potencia-la-visibilidad-de-rec0-a-traves-de-contenido-para-sus-redes-sociales\/#primaryimage","url":"https:\/\/imaginadigital.com\/wp-content\/uploads\/2024\/09\/rec.014.1.jpg","contentUrl":"https:\/\/imaginadigital.com\/wp-content\/uploads\/2024\/09\/rec.014.1.jpg","width":1800,"height":1200,"caption":"Festival REC.0"},{"@type":"BreadcrumbList","@id":"https:\/\/imaginadigital.com\/en\/blog\/imagina-potencia-la-visibilidad-de-rec0-a-traves-de-contenido-para-sus-redes-sociales\/#breadcrumb","itemListElement":[{"@type":"ListItem","position":1,"name":"Portada","item":"https:\/\/imaginadigital.com\/en\/"},{"@type":"ListItem","position":2,"name":"IMAGINA potencia la visibilidad de REC.0 a trav\u00e9s de contenido para sus redes sociales"}]},{"@type":"WebSite","@id":"https:\/\/imaginadigital.com\/en\/#website","url":"https:\/\/imaginadigital.com\/en\/","name":"IMAGINA Agencia de Marketing Digital","description":"Somos IMAGINA, la agencia de Social Media y marketing digital l\u00edder en Espa\u00f1a. Un equipo con 10 a\u00f1os de experiencia y 300 casos de \u00e9xito. Queremos ser tu partner en redes sociales","publisher":{"@id":"https:\/\/imaginadigital.com\/en\/#organization"},"potentialAction":[{"@type":"SearchAction","target":{"@type":"EntryPoint","urlTemplate":"https:\/\/imaginadigital.com\/en\/?s={search_term_string}"},"query-input":{"@type":"PropertyValueSpecification","valueRequired":true,"valueName":"search_term_string"}}],"inLanguage":"en-US"},{"@type":"Organization","@id":"https:\/\/imaginadigital.com\/en\/#organization","name":"IMAGINA Agencia de Marketing Digital","url":"https:\/\/imaginadigital.com\/en\/","logo":{"@type":"ImageObject","inLanguage":"en-US","@id":"https:\/\/imaginadigital.com\/en\/#\/schema\/logo\/image\/","url":"https:\/\/imaginadigital.com\/wp-content\/uploads\/2024\/11\/cropped-LOGO_NEW_IMAGINA.png","contentUrl":"https:\/\/imaginadigital.com\/wp-content\/uploads\/2024\/11\/cropped-LOGO_NEW_IMAGINA.png","width":280,"height":56,"caption":"IMAGINA Agencia de Marketing Digital"},"image":{"@id":"https:\/\/imaginadigital.com\/en\/#\/schema\/logo\/image\/"}},{"@type":"Person","@id":"https:\/\/imaginadigital.com\/en\/#\/schema\/person\/43001924663404f5ee9bb53886ab8570","name":"Carolina","url":"https:\/\/imaginadigital.com\/en\/author\/analytics\/"}]}},"_links":{"self":[{"href":"https:\/\/imaginadigital.com\/en\/wp-json\/wp\/v2\/posts\/22838","targetHints":{"allow":["GET"]}}],"collection":[{"href":"https:\/\/imaginadigital.com\/en\/wp-json\/wp\/v2\/posts"}],"about":[{"href":"https:\/\/imaginadigital.com\/en\/wp-json\/wp\/v2\/types\/post"}],"author":[{"embeddable":true,"href":"https:\/\/imaginadigital.com\/en\/wp-json\/wp\/v2\/users\/4"}],"replies":[{"embeddable":true,"href":"https:\/\/imaginadigital.com\/en\/wp-json\/wp\/v2\/comments?post=22838"}],"version-history":[{"count":0,"href":"https:\/\/imaginadigital.com\/en\/wp-json\/wp\/v2\/posts\/22838\/revisions"}],"wp:featuredmedia":[{"embeddable":true,"href":"https:\/\/imaginadigital.com\/en\/wp-json\/wp\/v2\/media\/22841"}],"wp:attachment":[{"href":"https:\/\/imaginadigital.com\/en\/wp-json\/wp\/v2\/media?parent=22838"}],"wp:term":[{"taxonomy":"category","embeddable":true,"href":"https:\/\/imaginadigital.com\/en\/wp-json\/wp\/v2\/categories?post=22838"},{"taxonomy":"post_tag","embeddable":true,"href":"https:\/\/imaginadigital.com\/en\/wp-json\/wp\/v2\/tags?post=22838"}],"curies":[{"name":"wp","href":"https:\/\/api.w.org\/{rel}","templated":true}]}}